{"provider_url": "https://www.adamantina.sp.leg.br", "title": "Resumo 10\u00aa Sess\u00e3o Extraordin\u00e1ria", "html": "<p style=\"text-align: justify; \">Ontem, 29, esta Casa de Leis realizou a 10\u00aa Sess\u00e3o Extraordin\u00e1ria desta Legislatura.</p>\r\n<p style=\"text-align: justify; \">Conforme <a class=\"external-link\" href=\"https://sapl.adamantina.sp.leg.br/media/sapl/public/materialegislativa/2021/13355/circular_049_-_10a_sessao_extraordinaria.pdf\" target=\"_blank\" title=\"\">Circular n\u00ba 049/21</a>, foram apreciados e votados em Discuss\u00e3o \u00danica os projetos como segue:</p>\r\n<p style=\"text-align: justify; \"><b><span><a class=\"external-link\" href=\"https://sapl.adamantina.sp.leg.br/media/sapl/public/materialegislativa/2021/13291/pl_084_-_msg_095_-_abertura_de_credito_r_3.169.00000_-_vencimento_e_vantagens.pdf\" target=\"_blank\" title=\"\">Projeto de Lei n\u00ba 084/2021</a></span></b> \u2013 PM \u2013 que \u201cDisp\u00f5e sobre autoriza\u00e7\u00e3o para <i>abertura de cr\u00e9dito adicional suplementar </i>ao Or\u00e7amento da Prefeitura do Munic\u00edpio de Adamantina no valor total de R$ 3.169.000,00 e d\u00e1 outras provid\u00eancias\u201d.</p>\r\n<p style=\"text-align: justify; \"><b><span><a class=\"external-link\" href=\"https://sapl.adamantina.sp.leg.br/media/sapl/public/materialegislativa/2021/13293/pl_086_-_msg_097_-_autoriza_celebrar_convenio_com_o_sec_estadual_de_esportes_-.pdf\" target=\"_blank\" title=\"\">Projeto de Lei n\u00ba 086/2021</a></span></b> \u2013 PM \u2013 que \u201cAutoriza o Poder Executivo Municipal\u00a0 firmar Conv\u00eanio com a Secretaria de Esportes do Estado de S\u00e3o Paulo e d\u00e1 outras provid\u00eancias\u201d.</p>\r\n<p><strong>Todos os projetos foram aprovados por unanimidade</strong>.</p>\r\n<p>A reuni\u00e3o contou com a presen\u00e7a de todos os Vereadores.</p>\r\n<p>Assista na \u00edntegra a sess\u00e3o que foi transmitida em nossa <a class=\"external-link\" href=\"https://www.facebook.com/CamaraAdamantina/videos/1036656533566024\" target=\"_blank\" title=\"\">fanpage</a>.</p>\r\n<p><span>Toda comunidade \u00e9 convidada a acompanhar as sess\u00f5es ao vivo pelo\u00a0</span><a class=\"external-link\" href=\"https://www.facebook.com/CamaraAdamantina\" target=\"_blank\" title=\"\">facebook</a><span>, bem como pela\u00a0R\u00e1dio Cultura, 99,3 FM, Radio Joia 93,7 FM e TV Cidade.</span></p>", "author_name": "", "version": "1.0", "author_url": "https://www.adamantina.sp.leg.br/author/adm", "provider_name": "C\u00e2mara Municipal de Adamantina", "type": "rich"}