{"provider_url": "https://www.adamantina.sp.leg.br", "title": "Recesso Parlamentar", "html": "<p style=\"text-align: justify; \">A C\u00e2mara Municipal de Adamantina entrar\u00e1 em recesso parlamentar do dia 23 de dezembro at\u00e9 01 de fevereiro de 2020.</p>\r\n<p style=\"text-align: justify; \">Conforme <a class=\"external-link\" href=\"https://sapl.adamantina.sp.leg.br/media/sapl/private/documentoadministrativo/5/portaria_no_22_de_2019.pdf\" target=\"_blank\" title=\"\">Portaria n\u00ba 022/19</a> ficam declarados pontos facultativos os dias 24, 26 e 31 de dezembro de 2019 e o dia 02 de janeiro de 2020, em raz\u00e3o das festividades de final de ano.<b></b></p>", "author_name": "", "version": "1.0", "author_url": "https://www.adamantina.sp.leg.br/author/adm", "provider_name": "C\u00e2mara Municipal de Adamantina", "type": "rich"}