{"provider_url": "https://www.adamantina.sp.leg.br", "title": "CONVITE PARA AUDI\u00caNCIA P\u00daBLICA", "html": "<p class=\" \" style=\"text-align: justify; \"><span>A Excelent\u00edssima Senhora Presidenta da C\u00e2mara Municipal de Adamantina, Maria de Lourdes Santos Gil, em atendimento ao artigo 48, par\u00e1grafo \u00fanico da Lei Complementar n\u00ba. 101/00 \u2013 Lei de Responsabilidade Fiscal, convida os representantes das Associa\u00e7\u00f5es de Bairros, de classe e demais entidades, bem como a popula\u00e7\u00e3o adamantinense, para participar da Audi\u00eancia P\u00fablica a ser realizada no dia 15 de junho de 2015, \u00e0s 18h30min, na C\u00e2mara Municipal, quando ser\u00e3o discutidos, j\u00e1 na fase de aprova\u00e7\u00e3o, o Projeto de Lei n\u00ba. 24, de 29 de maio de 2015 que \u201cDisp\u00f5e sobre as Diretrizes Or\u00e7ament\u00e1rias para elabora\u00e7\u00e3o e execu\u00e7\u00e3o da Lei Or\u00e7ament\u00e1ria para o exerc\u00edcio financeiro de 2016 e d\u00e1 outras provid\u00eancias\u201d.</span></p>", "author_name": "Interlegis", "version": "1.0", "author_url": "https://www.adamantina.sp.leg.br/author/Interlegis", "provider_name": "C\u00e2mara Municipal de Adamantina", "type": "rich"}