{"provider_url": "https://www.adamantina.sp.leg.br", "title": "55\u00aa Sess\u00e3o Ordin\u00e1ria", "html": "<p style=\"text-align: justify; \"><span>A C\u00e2mara de Adamantina realizar\u00e1 hoje, 03 de agosto a 55\u00aa Sess\u00e3o Ordin\u00e1ria. Consta na Ordem do Dia para ser apreciado em Primeira Discuss\u00e3o:</span></p>\r\n<p style=\"text-align: justify; \"><span>*\u00a0</span><b>Projeto de Lei Complementar n\u00ba 322 /15</b><span> \u2013 PM \u2013 que \u201cDisp\u00f5e sobra as altera\u00e7\u00f5es da Lei Complementar n\u00ba 163, de\u00a0 07 de abril de 2011, que disp\u00f5e sobre\u00a0 a\u00a0 Pol\u00edtica Municipal de Atendimento dos Direitos da Crian\u00e7a e do Adolescente, reestrutura o Conselho Municipal dos direitos da Crian\u00e7a e do Adolescente, o Fundo Municipal dos Direitos da Crian\u00e7a e do Adolescente e o Conselho Tutelar, e d\u00e1 outras provid\u00eancias.\u201d\u00a0</span></p>", "author_name": "Interlegis", "version": "1.0", "author_url": "https://www.adamantina.sp.leg.br/author/Interlegis", "provider_name": "C\u00e2mara Municipal de Adamantina", "type": "rich"}