{"provider_url": "https://www.adamantina.sp.leg.br", "title": "Plant\u00e3o de Biometria", "html": "<p style=\"text-align: justify; \"><strong>No pr\u00f3ximo s\u00e1bado\u00a0(13/07)\u00a0o Cart\u00f3rio Eleitoral de Adamantina realizar\u00e1 mais um plant\u00e3o, das 8 \u00e0s 13 horas para realiza\u00e7\u00e3o do recadastramento biom\u00e9trico dos eleitores dos munic\u00edpios de Adamantina, Fl\u00f3rida Paulista e Mari\u00e1polis.</strong></p>", "author_name": "adt", "version": "1.0", "author_url": "https://www.adamantina.sp.leg.br/author/adt", "provider_name": "C\u00e2mara Municipal de Adamantina", "type": "rich"}