{"provider_url": "https://www.adamantina.sp.leg.br", "title": "Mudan\u00e7a de data da 35\u00aa Sess\u00e3o Ordin\u00e1ria", "html": "<p style=\"text-align: justify; \"><strong>Informamos que a 35\u00aa Sess\u00e3o Ordin\u00e1ria, que marcar\u00e1 o in\u00edcio das atividades legislativas ap\u00f3s o recesso e que seria realizada no dia 06/08/18 (segunda-feira), ser\u00e1 adiada para o dia seguinte (07/08/18, ter\u00e7a-feira).</strong></p>", "author_name": "adt", "version": "1.0", "author_url": "https://www.adamantina.sp.leg.br/author/adt", "provider_name": "C\u00e2mara Municipal de Adamantina", "type": "rich"}