{"provider_url": "https://www.adamantina.sp.leg.br", "title": "Fatec de Adamantina ganha mais um curso", "html": "<p style=\"text-align: justify; \">A partir de agosto, a Fatec de Adamantina ter\u00e1 o Curso Superior de Tecnologia em Ci\u00eancia de Dados. Essa gradua\u00e7\u00e3o \u00e9 mais uma oportunidade de curso gratuito para aqueles que t\u00eam interesse pela \u00e1rea de tecnologia.\u00a0O curso tem dura\u00e7\u00e3o de tr\u00eas anos e em Adamantina ser\u00e3o ofertadas 35 vagas. O vestibular ainda n\u00e3o tem data marcada devido \u00e0 pandemia da COVID-19.</p>\r\n<p style=\"text-align: justify; \">Os interessados em cursar essa gradua\u00e7\u00e3o ser\u00e3o os profissionais respons\u00e1veis por explorar, analisar, misturar, visualizar e preparar os dados sempre tendo como foco apoiar as empresas na tomadas de decis\u00f5es levando em conta n\u00fameros e fatos.</p>\r\n<p style=\"text-align: justify; \">Al\u00e9m disso, auxiliar\u00e3o as empresas na solu\u00e7\u00e3o de problemas levando em considera\u00e7\u00e3o as diversas tecnologias dispon\u00edveis tendo como base os dados.</p>\r\n<p style=\"text-align: justify; \">Ap\u00f3s ter conclu\u00eddo a gradua\u00e7\u00e3o, o tecn\u00f3logo em ci\u00eancia de dados poder\u00e1 atuar em empresas em geral nos segmentos da agricultura, ind\u00fastria, com\u00e9rcio e servi\u00e7os bem como empresas de planejamento, de assist\u00eancia t\u00e9cnica, consultoria e desenvolvimento de projetos.</p>\r\n<p style=\"text-align: justify; \">Esse \u00e9 o segundo curso que a Fatec de Adamantina recebe. O primeiro curso com turma em forma\u00e7\u00e3o \u00e9 o de gest\u00e3o comercial.</p>\r\n<p style=\"text-align: justify; \">Al\u00e9m da Fatec, a cidade ainda conta com um p\u00f3lo da Universidade Virtual do Estado de S\u00e3o Paulo (UNIVESP). Em Adamantina, os cursos de n\u00edvel superior oferecidos gratuitamente s\u00e3o:\u00a0Letras - Habilita\u00e7\u00e3o em L\u00edngua Portuguesa, Licenciatura em Matem\u00e1tica, Pedagogia, Bacharelado em Ci\u00eancia de Dados, Bacharelado em Tecnologia da Informa\u00e7\u00e3o e Engenharia de Computa\u00e7\u00e3o.</p>\r\n<p style=\"text-align: justify; \">\u00a0</p>\r\n<p style=\"text-align: justify; \">Fonte: Prefeitura de Adamantina</p>", "author_name": "", "version": "1.0", "author_url": "https://www.adamantina.sp.leg.br/author/adm", "provider_name": "C\u00e2mara Municipal de Adamantina", "type": "rich"}