{"provider_url": "https://www.adamantina.sp.leg.br", "title": "Datas Sess\u00f5es Ordin\u00e1rias", "html": "<p style=\"text-align: justify; \">Comunicamos que as Sess\u00f5es Ordin\u00e1rias do m\u00eas de abril ter\u00e3o as seguintes datas:\u00a0</p>\r\n<p style=\"text-align: justify; \">- 27\u00aa Sess\u00e3o Ordin\u00e1ria - 09 de abril</p>\r\n<p style=\"text-align: justify; \">- 28\u00aa Sess\u00e3o Ordin\u00e1ria - 23 de abril.</p>\r\n<p style=\"text-align: justify; \">As altera\u00e7\u00f5es se d\u00e3o em raz\u00e3o do feriado da Semana Santa.</p>\r\n<p style=\"text-align: justify; \">As reuni\u00f5es acontecem no Plen\u00e1rio Vereador Jos\u00e9 Ikeda, com in\u00edcio \u00e0s 20h. Toda a comunidade \u00e9 convidada a comparecer ou ouvir pelas R\u00e1dios Brasil FM e LIFE.</p>", "author_name": "adt", "version": "1.0", "author_url": "https://www.adamantina.sp.leg.br/author/adt", "provider_name": "C\u00e2mara Municipal de Adamantina", "type": "rich"}