{"provider_url": "https://www.adamantina.sp.leg.br", "title": "Datas das Sess\u00f5es Ordin\u00e1rias", "html": "<p>A Presidente da C\u00e2mara Municipal de Adamantina, Maria de Lourdes Santos Gil, Dinha, em atendimento ao requerimento dos vereadores, procedeu mudan\u00e7as das datas da realiza\u00e7\u00e3o das sess\u00f5es ordin\u00e1rias das elei\u00e7\u00f5es municipais, conforme segue:</p>\r\n<p><span>- De 19.09 para 26.09</span></p>\r\n<p><span>- De 03.10 para 10.10</span></p>\r\n<p><span>- de 17.10 para 24.10</span></p>\r\n<p><span><span>As Sess\u00f5es s\u00e3o realizadas no Plen\u00e1rio Vereador Jos\u00e9 Ikeda, situado na Rua Osvaldo Cruz, 261 - t\u00e9rreo. Toda a comunidade \u00e9 convidada a acompanhar.</span></span></p>", "author_name": "adt", "version": "1.0", "author_url": "https://www.adamantina.sp.leg.br/author/adt", "provider_name": "C\u00e2mara Municipal de Adamantina", "type": "rich"}