{"provider_url": "https://www.adamantina.sp.leg.br", "title": "Convoca\u00e7\u00e3o para prova do Concurso 01/2016", "html": "<p style=\"text-align: justify; \">\u00a0A C\u00e2mara Municipal de Adamantina, Estado de S\u00e3o Paulo, por seu Presidente que este subscreve, <b><span>CONVOCA</span> </b>os candidatos inscritos no Concurso P\u00fablico, para emprego p\u00fablico vago de <b>ENCARREGADO DE LIMPEZA E CONSERVA\u00c7\u00c3O</b><b>, </b>nos termos do Edital de Concurso P\u00fablico N\u00ba 01/2016,<b> </b>para a prova que ser\u00e1 realizada <b>\u00e0s 9h, do </b><b>dia 24 de abril de 2016</b>, <b>na EMEF \u201cNavarro de Andrade\u201d, na Pra\u00e7a Tiradentes, N\u00ba 546, em Adamantina - SP.</b></p>\r\n<p style=\"text-align: justify; \"><b></b><span>Os port\u00f5es do pr\u00e9dio da </span><b>EMEF \u201cNavarro de Andrade\u201d </b><span>ser\u00e3o fechados \u00e0s </span><b>8h55</b><b>, portanto 5 minutos </b><span>antes do hor\u00e1rio determinado para o in\u00edcio das provas.</span></p>\r\n<p style=\"text-align: justify; \"><span>O</span><span>s candidatos dever\u00e3o comparecer ao local onde ser\u00e3o realizadas as provas com </span><b>30</b><b> (trinta) </b><span>minutos de anteced\u00eancia, munidos de documento de identifica\u00e7\u00e3o com fotografia, protocolo de inscri\u00e7\u00e3o, caneta azul ou preta, l\u00e1pis e borracha.</span></p>\r\n<p class=\"Default\" style=\"text-align: justify; \">\u00c9 de responsabilidade exclusiva do candidato, identificar corretamente seu local de prova e comparecer no hor\u00e1rio determinado, devendo acompanhar a publica\u00e7\u00e3o deste Edital pela imprensa escrita. Outros meios de comunica\u00e7\u00e3o n\u00e3o possuem car\u00e1ter oficial, sendo apenas informativos.</p>\r\n<p class=\"Default\" style=\"text-align: justify; \"><span>N\u00e3o haver\u00e1 segunda chamada para a prova, n\u00e3o importando o motivo alegado e a aus\u00eancia do candidato acarretar\u00e1 sua elimina\u00e7\u00e3o do concurso.</span></p>\r\n<p class=\"Default\" style=\"text-align: justify; \"><span></span><span>Em hip\u00f3tese alguma as provas poder\u00e3o ser realizadas em local diferente do determinado por este Edital.</span></p>\r\n<p class=\"Default\" style=\"text-align: justify; \"><span></span><span>As inscri\u00e7\u00f5es abaixo foram deferidas, estando os candidatos aptos a prestarem as provas.</span></p>\r\n<p class=\"Default\" style=\"text-align: justify; \"><span></span><span>Os candidatos ter\u00e3o o prazo de 02 (dois) dias \u00fateis, a partir da data da publica\u00e7\u00e3o deste Edital, para protocolar recurso na C\u00e2mara Municipal, dirigido \u00e0 Comiss\u00e3o de Concurso P\u00fablico sobre problemas com inscri\u00e7\u00e3o e incorre\u00e7\u00e3o de dados. \u00a0 \u00a0 \u00a0 \u00a0 \u00a0 \u00a0 \u00a0\u00a0</span></p>", "author_name": "adt", "version": "1.0", "author_url": "https://www.adamantina.sp.leg.br/author/adt", "provider_name": "C\u00e2mara Municipal de Adamantina", "type": "rich"}