{"provider_url": "https://www.adamantina.sp.leg.br", "title": "Convite para audi\u00eancia p\u00fablica", "html": "<p style=\"text-align: justify; \"><strong>A C\u00e2mara Municipal de Adamantina convida os representantes das Associa\u00e7\u00f5es de Bairros, de classe e demais entidades, bem como a popula\u00e7\u00e3o adamantinense, para participar da Audi\u00eancia P\u00fablica a ser realizada no dia 20 de junho de 2016, \u00e0s 18h30min, na C\u00e2mara Municipal, quando ser\u00e3o discutidos, j\u00e1 na fase de aprova\u00e7\u00e3o, o Projeto de Lei n\u00ba. 23, de 30 de maio de 2016 que \u201cDisp\u00f5e sobre as Diretrizes Or\u00e7ament\u00e1rias para elabora\u00e7\u00e3o e execu\u00e7\u00e3o da Lei Or\u00e7ament\u00e1ria para o exerc\u00edcio financeiro de 2017 e d\u00e1 outras provid\u00eancias\u201d</strong></p>", "author_name": "adt", "version": "1.0", "author_url": "https://www.adamantina.sp.leg.br/author/adt", "provider_name": "C\u00e2mara Municipal de Adamantina", "type": "rich"}