{"provider_url": "https://www.adamantina.sp.leg.br", "title": "CONVITE AUDI\u00caNCIA P\u00daBLICA - 11/11", "html": "<p style=\"text-align: justify; \">O Excelent\u00edssimo Senhor Presidente da C\u00e2mara Municipal de Adamantina, Eder do Nascimento Ruete, em atendimento ao artigo 48, par\u00e1grafo \u00fanico da Lei Complementar n'\u2019. 101/00 \u2013 Lei de Responsabilidade Fiscal, convida os representantes das Associa\u00e7\u00f5es de Bairros, de classe e demais entidades, bem como a popula\u00e7\u00e3o adamantinense, para participar da Audi\u00eancia P\u00fablica a ser realizada no dia 1 1 de novembro de 2025, \u00e0s 19hoomin, na C\u00e2mara Municipal, quando ser\u00e1 discutido, j\u00e1 na fase de aprova\u00e7\u00e3o, o Projeto de Lei n\u00ba. 048, de 15 de outubro de 2025 que \u201cEstima a Receita e Fixa a Despesa do Munic\u00edpio de Adamantina para o exerc\u00edcio de 2026\u201d</p>", "author_name": "", "version": "1.0", "author_url": "https://www.adamantina.sp.leg.br/author/adm", "provider_name": "C\u00e2mara Municipal de Adamantina", "type": "rich"}