{"provider_url": "https://www.adamantina.sp.leg.br", "title": "CONTIVE AUDI\u00caNCIA P\u00daBLICA - 10/11", "html": "<p style=\"text-align: justify; \">O Excelent\u00edssimo Senhor Presidente da C\u00e2mara Municipal de Adamantina, Eder do Nascimento Ruete, em atendimento ao artigo 48, par\u00e1grafo \u00fanico da Lei Complementar n'). 101/00 \u2013 Lei de Responsabilidade Fiscal, convida os representantes das Associa\u00e7\u00f5es de Bairros, de classe e demais entidades, bem como a popula\u00e7\u00e3o adamantinense, para participar da Audi\u00eancia P\u00fablica a ser realizada no dia <strong>10 de novembro de 2025</strong>, \u00e0s 19h00min, na C\u00e2mara Municipal, quando ser\u00e3o discutidos, j\u00e1 na fase de aprova\u00e7\u00e3o, o Projeto de Lei n\u00ba\u2019. 56, de 30 de setembro de 2025 que \u201cDisp\u00f5e sobre o Plano Plurianual do Munic\u00edpio de Adamantina para o quadri\u00eanio de 2026 a 2029 e d\u00e1 outras provid\u00eancias\u201d e o Projeto de Lei n'\u2019. 57, de 30 de setembro de 2025 que \u201cDisp\u00f5e sobre as Diretrizes Or\u00e7ament\u00e1rias para elabora\u00e7\u00e3o e execu\u00e7\u00e3o da Lei Or\u00e7ament\u00e1ria para o exerc\u00edcio financeiro de 2026 e d\u00e1 outras provid\u00eancias\u201d.</p>", "author_name": "", "version": "1.0", "author_url": "https://www.adamantina.sp.leg.br/author/adm", "provider_name": "C\u00e2mara Municipal de Adamantina", "type": "rich"}