{"provider_url": "https://www.adamantina.sp.leg.br", "title": "COMPRAS DE FIM DE ANO", "html": "<p style=\"text-align: justify; \">Dezembro para o com\u00e9rcio \u00e9 sin\u00f4nimo de aumento nas vendas, filas nos caixas, pacotes coloridos e muito corre-corre de \u00faltima hora, s\u00e3o as compras de fim de ano. O Procon de Adamantina \u00f3rg\u00e3o vinculado a Secretaria Municipal de Administra\u00e7\u00e3o elaborou algumas dicas para este per\u00edodo do ano:</p>\r\n<p style=\"text-align: justify; \"><b>PERFUMES E COSM\u00c9TICOS \u2013\u00a0</b><span>S\u00e3o presentes muito procurados no per\u00edodo natalino. Fique atento \u00e0 rotulagem desses produtos, pois nela deve constar o n\u00famero de registro no \u00f3rg\u00e3o competente, prazo de validade, composi\u00e7\u00e3o e modo de uso. Precau\u00e7\u00f5es e cuidados no manuseio;</span></p>\r\n<p style=\"text-align: justify; \"><b>PRODUTOS T\u00caXTEIS \u2013\u00a0</b><span>Quando o consumidor compra roupas, tecidos, toalhas, len\u00e7\u00f3is, acaba se preocupando mais com a beleza e pre\u00e7o dos produtos, entretanto, a etiqueta de identifica\u00e7\u00e3o deles \u00e9 muito importante, nela o consumidor pode conferir informa\u00e7\u00f5es: dados do fabricante/importador, indica\u00e7\u00e3o de tamanho e conserva\u00e7\u00e3o;</span></p>\r\n<p style=\"text-align: justify; \"><b>ELETRODOM\u00c9STICOS/ELETROELETR\u00d4NICOS \u2013\u00a0</b><span>Ao adquirir eletrodom\u00e9sticos, solicite, no local, uma demonstra\u00e7\u00e3o de funcionamento do aparelho. Teste as fun\u00e7\u00f5es do aparelho e avalie se o mesmo atende as necessidades do seu presenteado. Equipamentos de inform\u00e1tica tamb\u00e9m merecem especial aten\u00e7\u00e3o, a compra deve ser norteada para a utiliza\u00e7\u00e3o da m\u00e1quina. Quem n\u00e3o \u00e9 especialista em inform\u00e1tica deve consultar publica\u00e7\u00f5es especializadas. Este tipo de produto deve vir acompanhado com um manual de instru\u00e7\u00f5es em linguagem did\u00e1tica e com ilustra\u00e7\u00f5es e tamb\u00e9m uma rela\u00e7\u00e3o com a rede de assist\u00eancia t\u00e9cnica autorizada;</span></p>\r\n<p style=\"text-align: justify; \"><b>BRINQUEDOS \u2013\u00a0</b><span>Brinquedos s\u00e3o produtos de certifica\u00e7\u00e3o compuls\u00f3ria desde 1992, ou seja, para serem comercializados necessitam do s\u00edmbolo de identifica\u00e7\u00e3o da certifica\u00e7\u00e3o do Inmetro, pois o mesmo garante ao cidad\u00e3o a certeza de que esse produto passou por uma s\u00e9rie de testes em laborat\u00f3rios.</span></p>\r\n<p style=\"text-align: justify; \"><b>COMPRAS PELA INTERNET \u2013\u00a0</b><span>Uma op\u00e7\u00e3o de compras, mas se aquelas feitas por meios tradicionais j\u00e1 necessitam de cuidados, as feitas pela internet pedem precau\u00e7\u00f5es redobradas, pois muitas vezes o usu\u00e1rio n\u00e3o sabe como preservar seus direitos ou n\u00e3o conhece o fornecedor. Nas compras feitas pela internet, o consumidor tem prazo de\u00a0</span><b>sete dias</b><span>, a contar da contrata\u00e7\u00e3o ou do recebimento do produto ou servi\u00e7o, para arrependimento. O cancelamento deve ser efetuado por escrito;</span></p>\r\n<p style=\"text-align: justify; \"><b>PRE\u00c7OS -\u00a0</b><span>De acordo com a Lei 12.733 de 11 de Outubro de 2007 todo estabelecimento comercial \u00e9 obrigado a identificar na mesma dimens\u00e3o: os pre\u00e7os \u00e0 vista, valores das parcelas e os juros dos produtos comercializados;</span></p>\r\n<p style=\"text-align: justify; \"><b>IMPORTANTE \u2013\u00a0</b><span>O local da compra \u00e9 um fator determinante, lojas estabelecidas no com\u00e9rcio garantem mais seguran\u00e7a, pois em geral trabalham com produtos acreditados e com nota fiscal. O consumidor deve ficar atento quanto a imposi\u00e7\u00e3o por parte do fornecedor da venda de GARANTIA ESTENDIDA ou SEGURO DO PRODUTO, essa imposi\u00e7\u00e3o \u00e9 considerado como venda casada \u00e9 pr\u00e1tica abusiva (art. 39 CDC) e o consumidor lesado deve fazer a den\u00fancia contra o fornecedor. \u00c9 obriga\u00e7\u00e3o do consumidor exigir e dever do estabelecimento em fornecer a NOTA FISCAL, uma forma que o cidad\u00e3o tem para exercer seus direitos em caso de problemas com a mercadoria.</span></p>\r\n<p style=\"text-align: justify; \"><b>PROCON DE ADAMANTINA</b><span>\u00a0em novo endere\u00e7o: Avenida da Saudade n\u00ba 1072 - Ganha Tempo.</span></p>\r\n<p style=\"text-align: justify; \"><span><br /></span></p>\r\n<p style=\"text-align: justify; \"><span>Fonte: Procon de Adamantina</span></p>", "author_name": "", "version": "1.0", "author_url": "https://www.adamantina.sp.leg.br/author/adm", "provider_name": "C\u00e2mara Municipal de Adamantina", "type": "rich"}