{"provider_url": "https://www.adamantina.sp.leg.br", "title": "Campanha Nacional de Vacina\u00e7\u00e3o", "html": "<div class=\"m8h3af8h l7ghb35v kjdc1dyq kmwttqpk gh25dzvf n3t5jt4f\">\r\n<div dir=\"auto\" style=\"text-align: justify; \">Campanha Nacional de Vacina\u00e7\u00e3o contra a Poliomielite e Multivacina\u00e7\u00e3o da Caderneta de Vacina\u00e7\u00e3o da Crian\u00e7a e do Adolescente menor de 15 anos segue at\u00e9 o fim de setembro!</div>\r\n<div dir=\"auto\" style=\"text-align: justify; \"></div>\r\n</div>\r\n<div class=\"l7ghb35v kjdc1dyq kmwttqpk gh25dzvf jikcssrz n3t5jt4f\" style=\"text-align: justify; \">\r\n<div dir=\"auto\">A Prefeitura de Adamantina, por meio da Secretaria de Sa\u00fade, informa que o Minist\u00e9rio da Sa\u00fade, prorrogou at\u00e9 o dia 30 de setembro a Campanha Nacional de Vacina\u00e7\u00e3o contra a Poliomielite e Multivacina\u00e7\u00e3o para Atualiza\u00e7\u00e3o da Caderneta de Vacina\u00e7\u00e3o da Crian\u00e7a e do Adolescente menor de 15 anos de idade.</div>\r\n<div dir=\"auto\"></div>\r\n<div dir=\"auto\"><span>A medida </span><span><a tabindex=\"-1\"></a></span><span>foi tomada, porque at\u00e9 o dia 02 de setembro, em todo o pa\u00eds a cobertura vacinal em crian\u00e7as menores de cinco anos de idade para a poliomielite era de 32,5%. Em Adamantina, a cobertura est\u00e1 em 61,51% na faixa et\u00e1ria de um a quatro anos, 11 meses e 29 dias.</span></div>\r\n<div dir=\"auto\"><span><br /></span></div>\r\n<div dir=\"auto\" style=\"text-align: center; \"><span><img src=\"https://www.adamantina.sp.leg.br/institucional/noticias/polio2.jpg/@@images/39567b2c-2d0d-4a8d-9f05-7d6c7079c313.jpeg\" alt=\"\" class=\"image-inline\" title=\"\" /><br /></span></div>\r\n</div>\r\n<div dir=\"auto\"></div>\r\n<div dir=\"auto\">O p\u00fablico estimado para recebimento da vacina \u00e9 de 1403 crian\u00e7as. At\u00e9 o momento, 863 foram imunizadas. Todas as unidades de sa\u00fade do munic\u00edpio est\u00e3o aplicando os imunizantes das 8h \u00e0s 16h.</div>\r\n<div dir=\"auto\"></div>\r\n<div class=\"l7ghb35v kjdc1dyq kmwttqpk gh25dzvf jikcssrz n3t5jt4f\" style=\"text-align: justify; \">\r\n<div dir=\"auto\">A meta \u00e9 vacinar 95% das crian\u00e7as que tem um ano e menos de cinco anos de idade contra a poliomielite. As crian\u00e7as que tem at\u00e9 11 meses e 29 dias receber\u00e3o a vacina de forma seletiva, conforme o que indica o Calend\u00e1rio Nacional de Vacina\u00e7\u00e3o, com a VIP.</div>\r\n<div dir=\"auto\"></div>\r\n</div>\r\n<div class=\"l7ghb35v kjdc1dyq kmwttqpk gh25dzvf jikcssrz n3t5jt4f\">\r\n<div dir=\"auto\" style=\"text-align: justify; \">A Multivacina\u00e7\u00e3o para Atualiza\u00e7\u00e3o da Caderneta de Vacina\u00e7\u00e3o da Crian\u00e7a e do Adolescente menor de 15 anos \u00e9 uma a\u00e7\u00e3o destinada \u00e0 atualiza\u00e7\u00e3o da situa\u00e7\u00e3o vacinal de crian\u00e7as e adolescentes menores de 15 anos de idade (14 anos 11 meses e 29 dias), de acordo com o Calend\u00e1rio Nacional de Vacina\u00e7\u00e3o, e vacinar de forma indiscriminada.</div>\r\n<div dir=\"auto\" style=\"text-align: justify; \"></div>\r\n</div>\r\n<div dir=\"auto\" style=\"text-align: center; \"><img src=\"https://www.adamantina.sp.leg.br/institucional/noticias/polio3.jpg/@@images/957184d8-557e-4050-9721-9b5f60a2ca2b.jpeg\" alt=\"\" class=\"image-inline\" title=\"\" /></div>\r\n<div dir=\"auto\" style=\"text-align: justify; \"></div>\r\n<div dir=\"auto\" style=\"text-align: justify; \">Fonte: Prefeitura de Adamantina</div>", "author_name": "", "version": "1.0", "author_url": "https://www.adamantina.sp.leg.br/author/adm", "provider_name": "C\u00e2mara Municipal de Adamantina", "type": "rich"}