{"provider_url": "https://www.adamantina.sp.leg.br", "title": "C\u00e2mara se re\u00fane com diretoria da UNIFAI", "html": "<p style=\"text-align: justify; \">Na \u00faltima quinta-feira, \u00a023 de mar\u00e7o, a C\u00e2mara Municipal de Adamantina promoveu reuni\u00e3o com o Diretor Geral da Unifai,\u00a0<span>Prof. Dr. Jos\u00e9 Luiz Vieira de Oliveira, juntamente com o advogado da referida institui\u00e7\u00e3o de ensino,\u00a0<span>Jos\u00e9 Gustavo Lazaretti, para tratar de assuntos de interesse do Centro Universit\u00e1rio de Adamantina.</span></span></p>", "author_name": "adt", "version": "1.0", "author_url": "https://www.adamantina.sp.leg.br/author/adt", "provider_name": "C\u00e2mara Municipal de Adamantina", "type": "rich"}