{"provider_url": "https://www.adamantina.sp.leg.br", "title": "Audi\u00eancia P\u00fablica com ENERGISA", "html": "<p style=\"text-align: justify; \">Atendendo solicita\u00e7\u00e3o dos vereadores da C\u00e2mara Municipal de Adamantina, os dirigentes e representantes de \u00e1reas da concession\u00e1ria de energia ENERGISA estar\u00e3o em Adamantina, para uma audi\u00eancia p\u00fablica.</p>\r\n<p style=\"text-align: justify; \">A iniciativa do Poder Legislativo visa dar oportunidade para que os adamantinenses exponham diretamente aos dirigentes da ENERGISA os problemas vivenciados nos servi\u00e7os de energia el\u00e9trica. O encontro permitir\u00e1 tamb\u00e9m conhecer as medidas para solucionar essa defici\u00eancia e o compromisso da concession\u00e1ria com os consumidores locais.</p>\r\n<p style=\"text-align: justify; \"><span>Data: </span><b>16 de novembro</b><span> (5\u00aa feira), \u00e0s 15h.</span></p>\r\n<p style=\"text-align: justify; \">Local: Plen\u00e1rio da C\u00e2mara Municipal de Adamantina</p>\r\n<p style=\"text-align: justify; \"><span>Toda comunidade \u00e9 convidada a participar.</span></p>", "author_name": "adt", "version": "1.0", "author_url": "https://www.adamantina.sp.leg.br/author/adt", "provider_name": "C\u00e2mara Municipal de Adamantina", "type": "rich"}