{"provider_url": "https://www.adamantina.sp.leg.br", "title": "Audi\u00eancia P\u00fablica", "html": "<p style=\"text-align: justify; \">O Excelent\u00edssimo Senhor Presidente da C\u00e2mara Municipal de Adamantina, Paulo C\u00e9sar Cervelheira de Oliveira, em atendimento ao artigo 48, par\u00e1grafo \u00fanico da Lei Complementar n\u00ba 101/00 - Lei de Responsabilidade fiscal, convida os representantes das Associa\u00e7\u00f5es de Bairros, de classe e demais entidades, bem como a popula\u00e7\u00e3o adamantinense, para participar da Audi\u00eancia P\u00fablica a ser realizada no dia 23 de novembro de 2022, \u00e0s 19h, na C\u00e2mara Municipal de Adamantina, quando ser\u00e1 discutido, j\u00e1 na fase de aprova\u00e7\u00e3o, o Projeto de Li n\u00ba 072, de 12 de setembro de 2022, que \"estima a Receita e Fixa a Despesa do Munic\u00edpio de adamantina para o Exerc\u00edcio de 2023.</p>", "author_name": "", "version": "1.0", "author_url": "https://www.adamantina.sp.leg.br/author/adm", "provider_name": "C\u00e2mara Municipal de Adamantina", "type": "rich"}