{"provider_url": "https://www.adamantina.sp.leg.br", "title": "Audi\u00eancia P\u00fablica", "html": "<p style=\"text-align: justify; \">A C\u00e2mara de Adamantina convida os representantes das Associa\u00e7\u00f5es de Bairros, de classe e demais entidades, bem como toda a popula\u00e7\u00e3o adamantinense, para participar da Audi\u00eancia P\u00fablica a ser realizada no dia 23 e novembro, \u00e0s 18h30, no Plen\u00e1rio Vereador Jos\u00e9 Ikeda, s<span>ituado na Rua Osvaldo Cruz, 261 - t\u00e9rreo.</span></p>\r\n<p style=\"text-align: justify; \"><span>Ser\u00e1 discutido o Projeto de Lei n\u00ba 59/15 que \"Estima a Receita e Fixa a Despesa do Munic\u00edpio de Adamantina para o Exerc\u00edcio de 2016\".</span></p>", "author_name": "adt", "version": "1.0", "author_url": "https://www.adamantina.sp.leg.br/author/adt", "provider_name": "C\u00e2mara Municipal de Adamantina", "type": "rich"}