{"provider_url": "https://www.adamantina.sp.leg.br", "title": "Adamantina ter\u00e1 Museu Hist\u00f3rico", "html": "<p style=\"text-align: justify; \"><span>O primeiro grande passo para que Adamantina tenha a sua hist\u00f3ria preservada e acess\u00edvel ao p\u00fablico foi dada nesta segunda-feira (09).\u00a0</span></p>\r\n<p style=\"text-align: justify; \"><span>Em coletiva de imprensa, a Prefeitura de Adamantina, por meio da Secretaria de Cultura e Turismo, anunciou que a Associa\u00e7\u00e3o de Cultura e Recrea\u00e7\u00e3o de Adamantina (ACREA) passou o im\u00f3vel onde foi a sede da Igreja Budista de Adamantina para o munic\u00edpio. No local, funcionar\u00e1 o Museu Hist\u00f3rico.</span></p>\r\n<p style=\"text-align: justify; \"><span>O pr\u00e9dio, em desuso, est\u00e1 localizado na Alameda Ity Endo, 70, Vila Endo, pr\u00f3ximo ao Parque dos Pioneiros.\u00a0</span></p>\r\n<p style=\"text-align: justify; \"><span>As tratativas come\u00e7aram no in\u00edcio de janeiro com o secret\u00e1rio de cultura e turismo de Adamantina, S\u00e9rgio Vanderlei, e a vereadora e presidente da ACREA, Noriko Saito.</span></p>\r\n<p style=\"text-align: justify; \"><span>Antiga reivindica\u00e7\u00e3o da comunidade de Adamantina, principalmente dos pioneiros, um museu se faz necess\u00e1rio para a preserva\u00e7\u00e3o da hist\u00f3ria do munic\u00edpio. Na sede da Biblioteca P\u00fablica encontram-se in\u00fameros documentos, fotos, m\u00f3veis, pe\u00e7as hist\u00f3ricas, guardadas em caixas e sem acesso ao p\u00fablico.</span></p>\r\n<p style=\"text-align: justify; \"><span>\u201cAl\u00e9m de preservar corretamente a hist\u00f3ria, precisamos que as novas gera\u00e7\u00f5es tenham conhecimento do que foi feito pelos nossos antepassados. Existe uma verdadeira rel\u00edquia hoje guardada e que pode ser perdida com o tempo\u201d, ressalta S\u00e9rgio Vanderlei.</span></p>\r\n<p style=\"text-align: justify; \"><span>Agora, ap\u00f3s a ACREA formalizar o im\u00f3vel para o munic\u00edpio, o prefeito M\u00e1rcio Cardim ir\u00e1 determinar estudos para reforma e adequa\u00e7\u00e3o do pr\u00e9dio, para que o mesmo comece a receber todo o arquivo j\u00e1 guardado na Biblioteca P\u00fablica. Um chamamento \u00e0 popula\u00e7\u00e3o tamb\u00e9m ser\u00e1 feito para que documentos, fotos e pe\u00e7as hist\u00f3ricas sejam analisados e doados.</span></p>\r\n<p style=\"text-align: justify; \">A inaugura\u00e7\u00e3o ainda n\u00e3o tem data definida. \u201cMas j\u00e1 demos um grande avan\u00e7o para esta conquista. Queremos gerar emprego e renda com essa iniciativa, pois por meio do Munic\u00edpio de Interesse Tur\u00edstico (MIT) teremos o Museu e mais as obras de adequa\u00e7\u00e3o do Parque dos Pioneiros \u201d, comenta Cardim.</p>\r\n<p style=\"text-align: justify; \">A presidente da ACREA e vereadora, Noriko Saito, diz que esse \u00e9 um momento de muita emo\u00e7\u00e3o para todos os integrantes da associa\u00e7\u00e3o. \"Ficamos felizes em passar esse espa\u00e7o para a Prefeitura, pois temos a certeza de que ele ser\u00e1 muito bem cuidado\", finaliza.\u00a0</p>\r\n<p style=\"text-align: justify; \">\u00a0</p>\r\n<p style=\"text-align: justify; \">Fonte: Prefeitura de Adamantina</p>", "author_name": "", "version": "1.0", "author_url": "https://www.adamantina.sp.leg.br/author/adm", "provider_name": "C\u00e2mara Municipal de Adamantina", "type": "rich"}