{"provider_url": "https://www.adamantina.sp.leg.br", "title": "Adamantina recebe Circuito Sesc de Artes", "html": "<p style=\"text-align: justify; \"><span><br /></span></p>\r\n<p style=\"text-align: justify; \"><span><br /></span></p>\r\n<p style=\"text-align: justify; \"><span><br /></span></p>\r\n<p style=\"text-align: justify; \"><span>As programa\u00e7\u00f5es culturais prosseguem em Adamantina. Ap\u00f3s o munic\u00edpio receber pela primeira vez a Virada SP, agora chega o Circuito Sesc de Artes. A programa\u00e7\u00e3o ser\u00e1 realizada no Parque dos Pioneiros a partir das 16h</span></p>\r\n<p style=\"text-align: justify; \"><span><br /></span></p>\r\n<p style=\"text-align: justify; \"><span>\u00a0</span></p>\r\n<p style=\"text-align: justify; \"><span><br /></span></p>\r\n<p style=\"text-align: justify; \"><span><img src=\"https://www.adamantina.sp.leg.br/institucional/noticias/sesc1.jpg/@@images/aab9bb61-15fa-4ad4-92aa-dd4be90d2691.jpeg\" alt=\"\" class=\"image-inline\" title=\"\" />\u00a0\u00a0</span><img src=\"https://www.adamantina.sp.leg.br/institucional/noticias/sesc2.jpg/@@images/1e0915f8-a973-445c-aaee-bcb4c0db881f.jpeg\" alt=\"\" class=\"image-inline\" title=\"\" /><span>\u00a0\u00a0</span><img src=\"https://www.adamantina.sp.leg.br/institucional/noticias/sesc3.jpg/@@images/90db999d-55e9-4f74-ade5-570110808978.jpeg\" alt=\"\" class=\"image-inline\" title=\"\" /></p>\r\n<p style=\"text-align: justify; \"><span><span><br /></span></span></p>\r\n<p style=\"text-align: justify; \"><span><span>A Rotoscopia Anal\u00f3gica \u00e9 uma atra\u00e7\u00e3o com foco em artes visuais e tecnologias; o Esquadr\u00e3o Bombelha\u00e7o traz elementos do circo para divertir o p\u00fablico; na dan\u00e7a, a apresenta\u00e7\u00e3o ser\u00e1 Desbunde Geral.</span></span></p>\r\n<p style=\"text-align: justify; \"><span><span><br /></span></span></p>\r\n<p style=\"text-align: justify; \"><span><img src=\"https://www.adamantina.sp.leg.br/institucional/noticias/sesc4.jpg/@@images/05dadb0f-e57a-4604-b4fb-398832398629.jpeg\" alt=\"\" class=\"image-inline\" title=\"\" />\u00a0\u00a0<img src=\"https://www.adamantina.sp.leg.br/institucional/noticias/sesc5.jpg/@@images/49235eab-32d6-408a-8f90-6e440af870d0.jpeg\" alt=\"\" class=\"image-inline\" title=\"\" />\u00a0\u00a0<img src=\"https://www.adamantina.sp.leg.br/institucional/noticias/sesc6.jpg/@@images/27cc9909-dbb7-498c-ac46-7ae939f06498.jpeg\" alt=\"\" class=\"image-inline\" title=\"\" /></span></p>\r\n<p style=\"text-align: justify; \"><span><br /></span></p>\r\n<p style=\"text-align: justify; \"><span>Para os amantes de literatura, o Circuito Sesc de Artes traz o \u201cTelhado de Hist\u00f3rias\u201d. Na m\u00fasica, Ana Ca\u00f1as far\u00e1 uma apresenta\u00e7\u00e3o com as m\u00fasicas de Belchior. A programa\u00e7\u00e3o ainda integra uma apresenta\u00e7\u00e3o teatral chamada de \u201cA Cruzada dos Cora\u00e7\u00f5es Puros\u201d.</span></p>\r\n<p style=\"text-align: justify; \">Saiba mais clicando <strong><a class=\"external-link\" href=\"https://circuito.sescsp.org.br/cidades/adamantina/\" target=\"_blank\" title=\"\">aqui</a></strong></p>\r\n<p style=\"text-align: justify; \"><span>\u201cConvidamos a popula\u00e7\u00e3o para prestigiar o Circuito Sesc de Artes! Uma programa\u00e7\u00e3o gratuita e rica assim como foi a Virada SP\u201d, afirma o secret\u00e1rio de Cultura e Turismo, S\u00e9rgio Vanderlei da Silva.</span></p>\r\n<p style=\"text-align: justify; \">\u00a0</p>\r\n<p style=\"text-align: justify; \">Fonte: Prefeitura de Adamantina</p>", "author_name": "", "version": "1.0", "author_url": "https://www.adamantina.sp.leg.br/author/adm", "provider_name": "C\u00e2mara Municipal de Adamantina", "type": "rich"}