{"provider_url": "https://www.adamantina.sp.leg.br", "title": "84\u00aa Sess\u00e3o Ordin\u00e1ria", "html": "<p>Circular n\u00ba 051/16</p>\r\n<p>\u00a0</p>\r\n<p align=\"right\">Adamantina, 07 de dezembro de 2016.</p>\r\n<p>\u00a0</p>\r\n<p style=\"text-align: justify; \">Senhor (a) Vereador (a),</p>\r\n<p style=\"text-align: justify; \">\u00a0</p>\r\n<p style=\"text-align: justify; \">Cumprindo disposi\u00e7\u00f5es regimentais, comunico a Vossa Excel\u00eancia que, para a 84\u00aa Sess\u00e3o Ordin\u00e1ria, a se realizar no dia 12 de dezembro, segunda-feira, \u00e0s <b><span>20:00 horas</span></b>, constam para serem apreciados na Ordem do Dia os seguintes projetos:</p>\r\n<p style=\"text-align: justify; \">\u00a0</p>\r\n<p style=\"text-align: justify; \"><b><span>EM DISCUSS\u00c3O</span></b><b><span> \u00daNICA</span></b></p>\r\n<p style=\"text-align: justify; \">\u00a0</p>\r\n<p style=\"text-align: justify; \"><b><span>Projeto de Decreto Legislativo n\u00ba 006/16</span></b> \u2013 Vereadores Luiz Carlos Galv\u00e3o, Maria de Lourdes Santos Gil e demais Vereadores \u2013 que \u201cConcede ao Ilustr\u00edssimo Senhor Benedito Quinto o t\u00edtulo de Cidad\u00e3o Adamantinense.\u201d</p>\r\n<p style=\"text-align: justify; \"><b><span>Projeto de Decreto Legislativo n\u00ba 007/16</span></b> \u2013 Vereador H\u00e9lio Jos\u00e9 dos Santos e demais Vereadores \u2013 que \u201cConcede ao Ilustr\u00edssimo Senhor S\u00e9rgio Gabriel Seixas o t\u00edtulo de Cidad\u00e3o Adamantinense.\u201d</p>\r\n<p style=\"text-align: justify; \">\u00a0</p>\r\n<p style=\"text-align: justify; \"><b><span>EM PRIMEIRA DISCUSS\u00c3O</span></b></p>\r\n<p style=\"text-align: justify; \">\u00a0</p>\r\n<p style=\"text-align: justify; \"><b><span>Projeto de Lei Complementar n\u00ba 358/16</span></b> \u2013 PM \u2013 que \u201cDisp\u00f5e sobre autoriza\u00e7\u00e3o para o Chefe do Poder Executivo alienar, por doa\u00e7\u00e3o, \u00e0 Companhia de Desenvolvimento Habitacional e Urbano do Estado de S\u00e3o Paulo \u2013 CDHU, o im\u00f3vel que especifica, destinando a implanta\u00e7\u00e3o de Conjunto Habitacional e d\u00e1 outras provid\u00eancias.\u201d</p>\r\n<p style=\"text-align: justify; \"><b><span>Projeto de Lei Complementar n\u00ba 359/16</span></b> \u2013 PM \u2013 que \u201cDisp\u00f5e sobre autoriza\u00e7\u00e3o para o Chefe do Poder Executivo alienar, por doa\u00e7\u00e3o, \u00e0 Companhia de Desenvolvimento Habitacional e Urbano do Estado de S\u00e3o Paulo \u2013 CDHU, o im\u00f3vel que especifica, destinado \u00e0 implanta\u00e7\u00e3o de Conjunto Habitacional e d\u00e1 outras provid\u00eancias.\u201d</p>\r\n<p style=\"text-align: justify; \"><b><span>Projeto de Lei Complementar n\u00ba 360/16</span></b> \u2013 PM \u2013 que \u201cDisp\u00f5e sobre a Revis\u00e3o da Lei Complementar n\u00ba 080, de 09 de outubro de 2006, que institui o Plano Diretor do Munic\u00edpio de Adamantina e d\u00e1 outras provid\u00eancias.\u201d</p>\r\n<p style=\"text-align: justify; \">\u00a0</p>\r\n<p style=\"text-align: justify; \"><b><span>EM SEGUNDA DISCUSS\u00c3O E REDA\u00c7\u00c3O FINAL</span></b></p>\r\n<p style=\"text-align: justify; \">\u00a0</p>\r\n<p style=\"text-align: justify; \"><b><span>Projeto de Lei n\u00ba 040/16</span></b> \u2013 PM \u2013 que \u201cEstima a Receita e Fixa a Despesa do Munic\u00edpio de Adamantina para o exerc\u00edcio de 2017.\u201d</p>\r\n<p style=\"text-align: justify; \"><b><span>Projeto de Lei n\u00ba 041/16</span></b> \u2013 PM \u2013 que \u201cDisp\u00f5e sobre concess\u00e3o de subven\u00e7\u00f5es, aux\u00edlios e subven\u00e7\u00f5es.\u201d</p>\r\n<p>\u00a0</p>\r\n<p>\u00a0</p>\r\n<p align=\"center\"><b>ANT\u00d4NIO SPANHOLO</b></p>\r\n<p align=\"center\">Assessor Legislativo<b></b></p>", "author_name": "adt", "version": "1.0", "author_url": "https://www.adamantina.sp.leg.br/author/adt", "provider_name": "C\u00e2mara Municipal de Adamantina", "type": "rich"}