{"provider_url": "https://www.adamantina.sp.leg.br", "title": "82\u00ba Sess\u00e3o Ordin\u00e1ria", "html": "<p style=\"text-align: justify; \">A <span>C\u00e2mara de Adamantina realizar\u00e1 no dia\u00a0</span>21 de novembro, segunda-feira, \u00e0s <b><span>20:00 horas</span></b>, a 82\u00aa Sess\u00e3o Ordin\u00e1ria. Consta para ser apreciado na Ordem do Dia o seguinte projeto:</p>\r\n<p style=\"text-align: justify; \"><b>EM DISCUSS\u00c3O</b><b> \u00daNICA</b></p>\r\n<p style=\"text-align: justify; \"><b>Projeto de Decreto Legislativo n\u00ba 005/16</b><span> \u2013 Vereadores Rog\u00e9rio C\u00e9sar Sacoman e Roberto Hon\u00f3rio de Oliveira \u2013 que \u201c Concede ao Excelent\u00edssimo Senhor Ed Thomas, Deputado Estadual, o t\u00edtulo de Cidad\u00e3o Adamantinense.\u201d</span></p>\r\n<p style=\"text-align: justify; \"><span><span>Toda a comunidade \u00e9 convidada a acompanhar pessoalmente ou pelas Radios J\u00f3ia e LIFE\u00a0</span><span>no Plen\u00e1rio Vereador Jos\u00e9 Ikeda\u00a0situado na Rua Osvaldo Cruz, 261 - t\u00e9rreo.</span></span></p>", "author_name": "adt", "version": "1.0", "author_url": "https://www.adamantina.sp.leg.br/author/adt", "provider_name": "C\u00e2mara Municipal de Adamantina", "type": "rich"}