{"provider_url": "https://www.adamantina.sp.leg.br", "title": "81\u00ba Sess\u00e3o Ordin\u00e1ria", "html": "<p style=\"text-align: justify; \">Hoje, 07, \u00e0s 20h, no Plen\u00e1rio da C\u00e2mara Municipal, acontecer\u00e1 a \u00a081\u00aa Sess\u00e3o Ordin\u00e1ria. Constam\u00a0<span>para serem apreciados na Ordem do Dia os seguintes projetos:</span></p>\r\n<p style=\"text-align: justify; \"><b>EM </b><b>PRIMEIRA DISCUSS\u00c3O</b></p>\r\n<p style=\"text-align: justify; \"><b>* Projeto de Lei</b><b> n\u00ba </b><b>040/16</b><span> \u2013 PM \u2013 que \u201cEstima a Receita e Fixa a Despesa do Munic\u00edpio de Adamantina para o exerc\u00edcio de 2017.\u201d</span></p>\r\n<p style=\"text-align: justify; \"><b>EM </b><b>SEGUNDA DISCUSS\u00c3O</b><b> E REDA\u00c7\u00c3O FINAL</b></p>\r\n<p style=\"text-align: justify; \"><b>* Projeto de Lei Complementar n\u00ba 355/16</b><span> \u2013 PM \u2013 que \u201cDisp\u00f5e sobre os valores b\u00e1sicos unit\u00e1rios do metro quadrado (m\u00b2) de terrenos e edifica\u00e7\u00f5es para apura\u00e7\u00e3o do valor venal dos im\u00f3veis e consequente c\u00e1lculo dos impostos sobre a propriedade predial e territorial urbano \u2013 IPTU.\u201d</span></p>\r\n<p style=\"text-align: justify; \"><span><span>Toda a comunidade \u00e9 convidada a acompanhar pessoalmente, pela Radio J\u00f3ia AM ou R\u00e1dio LIFE.</span></span></p>\r\n<p style=\"text-align: justify; \"><span><br /></span></p>", "author_name": "adt", "version": "1.0", "author_url": "https://www.adamantina.sp.leg.br/author/adt", "provider_name": "C\u00e2mara Municipal de Adamantina", "type": "rich"}