{"provider_url": "https://www.adamantina.sp.leg.br", "title": "79\u00ba Sess\u00e3o Ordin\u00e1ria", "html": "<p>Na pr\u00f3xima segunda-feira, 10, a C\u00e2mara de Adamantina realizar\u00e1 a 79\u00aa Sess\u00e3o Ordin\u00e1ria. Constam para serem apreciados na Ordem do Dia os seguintes projetos:</p>\r\n<p><b>EM DISCUSS\u00c3O \u00daNICA</b></p>\r\n<p><b>Projeto de Lei n\u00ba 033/16</b><span>\u00a0\u2013 PM \u2013 que \u201cDisp\u00f5e sobre a desafeta\u00e7\u00e3o de uma \u00e1rea de terras, localizada no 7\u00ba Per\u00edmetro Urbano do Munic\u00edpio.\u201d (\u00e1rea da Adasebo)</span></p>\r\n<p><b>Projeto de Lei n\u00ba 036/16</b>\u00a0\u2013 PM \u2013 que \u201cAltera o \u00a7 1\u00ba do artigo 4\u00ba da Lei Municipal n\u00ba 3.610/14, que disp\u00f5e sobre autoriza\u00e7\u00e3o para o munic\u00edpio de Adamantina firmar Termo de Ades\u00e3o e Compromisso com o Minist\u00e9rio da Sa\u00fade ao \u2018Projeto Mais M\u00e9dicos para o Brasil\u2019 e d\u00e1 outras provid\u00eancias.\u201d (contrata\u00e7\u00e3o de novo m\u00e9dico)</p>\r\n<p><b>Projeto de Lei n\u00ba 037/16</b>\u00a0\u2013 PM \u2013 que \u201cAltera o artigo 1\u00ba da Lei Municipal n\u00ba 3.659/15, que disp\u00f5e sobre autoriza\u00e7\u00e3o \u00e0 Administra\u00e7\u00e3o P\u00fablica do Munic\u00edpio de Adamantina celebrar Termo de Conv\u00eanio com o Lar Crist\u00e3o de Adamantina, objetivando a execu\u00e7\u00e3o do Programa de Educa\u00e7\u00e3o Infantil em Regime de Creche.\u201d</p>\r\n<p><b>Projeto de Lei n\u00ba 038/16</b>\u00a0\u2013 PM \u2013 que \u201cAltera o caput do artigo 1\u00ba e revoga o \u00a7 5\u00ba do artigo 1\u00ba e o inciso IV do artigo 2\u00ba da Lei n\u00ba 3.723, de 19 de julho de 2016 e d\u00e1 outras provid\u00eancias.\u201d (altera\u00e7\u00e3o da jornada de trabalho dos servidores p\u00fablicos municipais da sa\u00fade)</p>\r\n<p><b>Projeto de Lei n\u00ba 039/16</b>\u00a0\u2013 PM \u2013 que \u201cDisp\u00f5e sobre autoriza\u00e7\u00e3o para abertura de Cr\u00e9dito Adicional Suplementar no valor de R$ 1.950.000,00 ao Or\u00e7amento do Munic\u00edpio de Adamantina \u00e0s Faculdades Adamantinenses Integradas \u2013 FAI, em virtude do aumento de contrata\u00e7\u00e3o de pessoal e despesas de custeio para atender novas demandas dos cursos atuais e implanta\u00e7\u00e3o do curso de Medicina.\u201d</p>\r\n<p><b>Projeto de Lei Complementar n\u00ba 356/16</b>\u00a0\u2013 PM \u2013 que \u201cD\u00e1 nova reda\u00e7\u00e3o ao artigo 1\u00ba da Lei Complementar n\u00ba 125, de 03 de junho de 2009.\u201d (altera\u00e7\u00e3o do roteiro da \u00e1rea da Adasebo)</p>\r\n<p><b>Projeto de Lei Complementar n\u00ba 357/16</b>\u00a0\u2013 PM \u2013 que \u201cAltera o per\u00edmetro urbano da cidade de Adamantina e d\u00e1 outras provid\u00eancias.\u201d (regulariza\u00e7\u00e3o da \u00e1rea rural adquirida para constru\u00e7\u00e3o de casas populares, transformando em per\u00edmetro urbano)</p>\r\n<p><b>EM PRIMEIRA DISCUSS\u00c3O</b></p>\r\n<p><b>Projeto de Lei n\u00ba 034/16</b><span>\u00a0\u2013 PM \u2013 que \u201cAltera dispositivo da Lei n\u00ba 3.119/04, que criou o \u2018Conselho Municipal da Pessoa Idosa\u2019 e d\u00e1 outras provid\u00eancias.\u201d</span></p>\r\n<p><b>Projeto de Lei n\u00ba 035/16</b>\u00a0\u2013 PM \u2013 que \u201cInstitui o \u2018Fundo Municipal dos Direitos da Pessoa Idosa\u2019 no munic\u00edpio de Adamantina e d\u00e1 outras provid\u00eancias.\u201d</p>\r\n<p><b>Projeto de Emenda \u00e0 LOMA n\u00ba 003/16</b>\u00a0\u2013 Vereadores H\u00e9lio Jos\u00e9 dos Santos, F\u00e1bio Roberto Amadio e Noriko Onishi Saito \u2013 que \u201cAltera os par\u00e1grafos do art. 266 da Lei Org\u00e2nica do Munic\u00edpio de Adamantina e d\u00e1 outras provid\u00eancias.\u201d</p>\r\n<p style=\"text-align: justify; \"><span>A Sess\u00e3o acontecer\u00e1 \u00e0s 20h.\u00a0</span><span>Toda a comunidade \u00e9 convidada a acompanhar pessoalmente ou pela Radio J\u00f3ia AM,\u00a0</span><span>no Plen\u00e1rio Vereador Jos\u00e9 Ikeda\u00a0situado na Rua Osvaldo Cruz, 261 - t\u00e9rreo.</span><span>\u00a0</span></p>", "author_name": "adt", "version": "1.0", "author_url": "https://www.adamantina.sp.leg.br/author/adt", "provider_name": "C\u00e2mara Municipal de Adamantina", "type": "rich"}