{"provider_url": "https://www.adamantina.sp.leg.br", "title": "78\u00ba Sess\u00e3o Ordin\u00e1ria", "html": "<p style=\"text-align: justify; \">Cumprindo disposi\u00e7\u00f5es regimentais, comunico a Vossa Excel\u00eancia que, para a 78\u00aa Sess\u00e3o Ordin\u00e1ria, a se realizar no dia 26 de setembro, segunda-feira, \u00e0s <b><span>20:00 horas</span></b>, nada consta para ser apreciado na Ordem do Dia.</p>\r\n<p style=\"text-align: justify; \"><span>A Sess\u00e3o ser\u00e1 realizada no Plen\u00e1rio Vereador Jos\u00e9 Ikeda, situado na Rua Osvaldo Cruz, 261 - t\u00e9rreo. Toda a comunidade \u00e9 convidada a acompanhar pessoalmente a ou pela Radio J\u00f3ia AM e Radio LIFE, de Adamantina.</span></p>", "author_name": "adt", "version": "1.0", "author_url": "https://www.adamantina.sp.leg.br/author/adt", "provider_name": "C\u00e2mara Municipal de Adamantina", "type": "rich"}