{"provider_url": "https://www.adamantina.sp.leg.br", "title": "76\u00aa Sess\u00e3o Ordin\u00e1ria", "html": "<p style=\"text-align: justify; \">Na pr\u00f3xima segunda-feira, 15, esta Casa de Leis realizar\u00e1 a 76\u00aa Sess\u00e3o Ordin\u00e1ria. Constam na Ordem do dia os seguintes Projetos:</p>\r\n<p style=\"text-align: justify; \"><b><span>EM DISCUSS\u00c3O \u00daNICA</span></b></p>\r\n<p style=\"text-align: justify; \"><b>Projeto de Decreto Legislativo n\u00ba 002//16</b><span> \u2013 Vereadora Maria de Lourdes Santos Gil \u2013 que \u201cConcede ao Ilustr\u00edssimo Senhor Elp\u00eddio Sgobbi o T\u00edtulo de Cidad\u00e3o Adamantinense\u201d</span></p>\r\n<p style=\"text-align: justify; \"><b>EM SEGUNDA DISCUSS\u00c3O E REDA\u00c7\u00c3O FINAL</b></p>\r\n<p style=\"text-align: justify; \"><b>Projeto de Lei n\u00ba 016/16</b><span> \u2013 Vereador H\u00e9lio Jos\u00e9 dos Santos \u2013 que \u201cDisp\u00f5e sobre a denomina\u00e7\u00e3o da quadra coberta da Escola Municipal de Ensino Fundamental Navarro de Andrade de Prof\u00aa. Clara Luzia Gon\u00e7alves Martins.\u201d</span></p>\r\n<p style=\"text-align: justify; \"><b><span>Projeto de Lei n\u00ba 017/16</span></b> \u2013 Vereador H\u00e9lio Jos\u00e9 dos Santos \u2013 que \u201cDisp\u00f5e sobre a denomina\u00e7\u00e3o do Posto de Sa\u00fade da Vila Jardim de \u2018Dr. C\u00e9lio de Azevedo Figueiredo.\u201d</p>\r\n<p style=\"text-align: justify; \"><b><span>Projeto de Lei n\u00ba 028/16</span></b> \u2013 PM \u2013 que \u201cDisp\u00f5e sobre denomina\u00e7\u00e3o do Anfiteatro da Biblioteca P\u00fablica Municipal.\u201d (Fernando Paloni)</p>\r\n<p style=\"text-align: justify; \"><b>EM PRIMEIRA DISCUSS\u00c3O</b></p>\r\n<p style=\"text-align: justify; \"><b>Projeto de Lei Complementar n\u00ba 354/16</b><span> \u2013 PM \u2013 que \u201cAltera dispositivos da Lei n\u00ba 2.449, de 14 de dezembro de 1992, que \u2018Institui o C\u00f3digo de Posturas Municipais\u2019 e d\u00e1 outras provid\u00eancias. </span><b>(hor\u00e1rio dos supermercados)</b><span>\u201d Referido projeto recebeu a </span><b>Emenda Modificativa n\u00ba 008/16</b><span>, de autoria dos Vereadores Luiz Carlos Galv\u00e3o e Diniz Par\u00fassolo Martins, conforme c\u00f3pia anexa.</span></p>\r\n<p style=\"text-align: justify; \"><span><span>A Sess\u00e3o, com in\u00edcio \u00e0s 20h, ser\u00e1 no Plen\u00e1rio Vereador Jos\u00e9 Ikeda, situado na Rua Osvaldo Cruz, 261 - t\u00e9rreo. Toda a comunidade \u00e9 convidada a acompanhar pessoalmente a ou pela Radio J\u00f3ia AM.</span></span></p>", "author_name": "adt", "version": "1.0", "author_url": "https://www.adamantina.sp.leg.br/author/adt", "provider_name": "C\u00e2mara Municipal de Adamantina", "type": "rich"}