{"provider_url": "https://www.adamantina.sp.leg.br", "title": "75\u00aa Sess\u00e3o Ordin\u00e1ria", "html": "<p style=\"text-align: justify; \"><span>A C\u00e2mara Municipal de Adamantina realizar\u00e1 hoje, 1\u00ba de agosto</span><span>, \u00e0s\u00a0</span><b>20:00 horas</b><span>\u00a0a 75\u00aa Sess\u00e3o Ordin\u00e1ria.</span><span>\u00a0Consta para sere apreciada na Ordem do Dia, em Primeira Discuss\u00e3o, a seguinte proposi\u00e7\u00e3o:</span></p>\r\n<p style=\"text-align: justify; \"><b>Projeto de Lei n\u00ba 028//16</b><span> \u2013 PM \u2013 que \u201cDisp\u00f5e sobre denomina\u00e7\u00e3o do Anfiteatro da Biblioteca P\u00fablica Municipal. (Fernando Paloni)\u201d</span></p>\r\n<p style=\"text-align: justify; \"><span><span>Toda a comunidade \u00e9 convidada a acompanhar pessoalmente ou pela Radio J\u00f3ia AM,\u00a0</span><span>no Plen\u00e1rio Vereador Jos\u00e9 Ikeda\u00a0situado na Rua Osvaldo Cruz, 261 - t\u00e9rreo.</span><span>\u00a0</span></span></p>", "author_name": "adt", "version": "1.0", "author_url": "https://www.adamantina.sp.leg.br/author/adt", "provider_name": "C\u00e2mara Municipal de Adamantina", "type": "rich"}