{"provider_url": "https://www.adamantina.sp.leg.br", "title": "74\u00aa Sess\u00e3o Ordin\u00e1ria", "html": "<p style=\"text-align: justify; \">Na pr\u00f3xima segunda-feira, 04, a C\u00e2mara Municipal de Adamantina realizar\u00e1 a 74\u00aa Sess\u00e3o Ordin\u00e1ria.</p>\r\n<p style=\"text-align: justify; \">Constam para serem apreciados na Ordem do dia os seguintes projetos:</p>\r\n<p style=\"text-align: justify; \"><span><b>EM SEGUNDA DISCUSS\u00c3O E REDA\u00c7\u00c3O FINAL</b></span></p>\r\n<p style=\"text-align: justify; \"><b>Projeto de Lei Complementar n\u00ba 352/16</b><span> \u2013 PM \u2013 que \u201cDisp\u00f5e sobre a altera\u00e7\u00e3o da Lei n\u00ba 2.328, de 28 de dezembro de 1990 \u2013 C\u00f3digo Tribut\u00e1rio do Munic\u00edpio de Adamantina e d\u00e1 outras provid\u00eancias.\u201d</span></p>\r\n<p style=\"text-align: justify; \"><span><b>EM DISCUSS\u00c3O \u00daNICA</b></span></p>\r\n<p style=\"text-align: justify; \"><b>Projeto de Lei n\u00ba 027/16</b><span> \u2013 Vereadores Luiz Carlos Galv\u00e3o, F\u00e1bio Roberto Amadio e Diniz Par\u00fassolo Martins \u2013 que \u201cDisp\u00f5e sobre a denomina\u00e7\u00e3o de logradouro p\u00fablico do Residencial Parque dos P\u00e1ssaros e d\u00e1 outras provid\u00eancias.\u201d</span></p>\r\n<p style=\"text-align: justify; \"><b><span>Projeto de Resolu\u00e7\u00e3o n\u00ba 001/16</span></b> \u2013 Mesa da C\u00e2mara \u2013 que \u201cFixa o subs\u00eddio dos Vereadores para a 17\u00aa Legislatura, per\u00edodo de 2017 a 2020.\u201d O projeto recebeu Emenda Modificativa n\u00ba 001/16, de autoria dos Vereadores Luiz Carlos Galv\u00e3o e Diniz Par\u00fassolo Martins.</p>\r\n<p style=\"text-align: justify; \"><span><b>EM PRIMEIRA DISCUSS\u00c3O</b></span></p>\r\n<p style=\"text-align: justify; \"><b>Projeto de Lei n\u00ba 023/16</b><span> \u2013 PM \u2013 que \u201cDisp\u00f5e sobre as Diretrizes Or\u00e7ament\u00e1rias para Elabora\u00e7\u00e3o e Execu\u00e7\u00e3o da Lei Or\u00e7ament\u00e1ria para o exerc\u00edcio financeiro de 2017 e d\u00e1 outras provid\u00eancias.\u201d</span></p>\r\n<p style=\"text-align: justify; \"><span><span>A Sess\u00e3o ter\u00e1 in\u00edcio as 20h, no Plen\u00e1rio Vereador Jos\u00e9 Ikeda, situado na Rua Osvaldo Cruz, 261 - t\u00e9rreo. Toda a comunidade \u00e9 convidada a acompanhar pessoalmente a ou\u00a0pela\u00a0Radio J\u00f3ia AM (</span><a href=\"http://bit.ly/1kHxDm6\" target=\"new\">http://bit.ly/1kHxDm6</a><span>).</span></span></p>\r\n<p style=\"text-align: justify; \"><span><br /></span></p>", "author_name": "adt", "version": "1.0", "author_url": "https://www.adamantina.sp.leg.br/author/adt", "provider_name": "C\u00e2mara Municipal de Adamantina", "type": "rich"}