{"provider_url": "https://www.adamantina.sp.leg.br", "title": "73\u00aa Sess\u00e3o Ordin\u00e1ria", "html": "<p style=\"text-align: justify; \">A 73\u00aa Sess\u00e3o Ordin\u00e1ria,ser\u00e1 realizada no dia 20 de junho, segunda-feira. Constam para serem apreciadas na Ordem do Dia as seguintes proposi\u00e7\u00f5es:<span>\u00a0</span></p>\r\n<p style=\"text-align: justify; \"><b><span><span>EM SEGUNDA DISCUSS\u00c3O E REDA\u00c7\u00c3O FINA</span>L</span></b></p>\r\n<p style=\"text-align: justify; \"><b>* Projeto de Lei Complementar n\u00ba 351/16</b><span> \u2013 Mesa da C\u00e2mara \u2013 que \u201cDisp\u00f5e sobre altera\u00e7\u00e3o no Anexo I \u2013 Quadro de Pessoal - da Lei n\u00ba 2.714, de 16/05/1997, a qual estabelece a composi\u00e7\u00e3o da Estrutura Administrativa da C\u00e2mara Municipal de Adamantina, alterado pelas Leis Complementares n\u00ba. 16, de 19/05/1999; n\u00ba. 37, de 15/03/2001; n\u00ba. 40, de 28/12/2001; n\u00ba. 48, de 28/02/2003; n\u00ba. 67, de 01/06/2005; n\u00ba. 95, de 06/12/2007; n\u00ba. 218, de 27/08/2013 e n\u00ba. 240, de 24/04/2015 e d\u00e1 outras provid\u00eancias\u201d.</span></p>\r\n<p style=\"text-align: justify; \"><span><b>EM DISCUSS\u00c3O \u00daNICA</b></span></p>\r\n<p style=\"text-align: justify; \"><b>* Projeto de Lei n\u00ba 024/16</b><span> \u2013 Vereadores Maria de Lourdes Santos Gil e Aguinaldo Pires Galv\u00e3o \u2013 que \u201cDisp\u00f5e sobre a denomina\u00e7\u00e3o de logradouro p\u00fablico do Residencial It\u00e1lia e d\u00e1 outras provid\u00eancias.\u201d</span></p>\r\n<p style=\"text-align: justify; \"><b><span>* Projeto de Lei n\u00ba 025/16</span></b> - Vereadores Maria de Lourdes Santos Gil e Aguinaldo Pires Galv\u00e3o \u2013 que \u201cDisp\u00f5e sobre a denomina\u00e7\u00e3o de logradouro p\u00fablico do Residencial It\u00e1lia II e d\u00e1 outras provid\u00eancias.\u201d</p>\r\n<p style=\"text-align: justify; \"><span><b>EM PRIMEIRA DISCUSS\u00c3O</b></span></p>\r\n<p style=\"text-align: justify; \"><b>* Projeto de Lei n\u00ba 023/16</b><span> \u2013 PM \u2013 que \u201cDisp\u00f5e sobre as Diretrizes Or\u00e7ament\u00e1rias para Elabora\u00e7\u00e3o e Execu\u00e7\u00e3o da Lei Or\u00e7ament\u00e1ria para o exerc\u00edcio financeiro de 2017 e d\u00e1 outras provid\u00eancias.\u201d</span></p>\r\n<p style=\"text-align: justify; \"><b><span>* Projeto de Lei Complementar n\u00ba 352/16</span></b> \u2013 PM \u2013 que \u201cDisp\u00f5e sobre a altera\u00e7\u00e3o da Lei n\u00ba 2.328, de 28 de dezembro de 1990 \u2013 C\u00f3digo Tribut\u00e1rio do Munic\u00edpio de Adamantina e d\u00e1 outras provid\u00eancias.\u201d</p>\r\n<p style=\"text-align: justify; \"><span>A Sess\u00e3o ter\u00e1 in\u00edcio \u00e0s 20h, no Plen\u00e1rio Vereador Jos\u00e9 Ikeda, situado na Rua Osvaldo Cruz, 261 - t\u00e9rreo. Toda a comunidade \u00e9 convidada a acompanhar pessoalmente a ou pela Radio J\u00f3ia AM.</span></p>", "author_name": "adt", "version": "1.0", "author_url": "https://www.adamantina.sp.leg.br/author/adt", "provider_name": "C\u00e2mara Municipal de Adamantina", "type": "rich"}