{"provider_url": "https://www.adamantina.sp.leg.br", "title": "71\u00aa Sess\u00e3o Ordin\u00e1ria", "html": "<p style=\"text-align: justify; \">Na pr\u00f3xima segunda-feira, 23, a C\u00e2mara de Adamantina realizar\u00e1 \u00e0s 20h, a 72\u00aa Sess\u00e3o Ordin\u00e1ria. C<span>onstam para serem apreciadas na Ordem do Dia as seguintes proposi\u00e7\u00f5es:</span><span>\u00a0</span></p>\r\n<p style=\"text-align: justify; \"><span><b>EM SEGUNDA DISCUSS\u00c3O E REDA\u00c7\u00c3O FINAL</b></span></p>\r\n<p style=\"text-align: justify; \"><b>Projeto de Lei Complementar n\u00ba 349/16</b><span> \u2013 PM \u2013 que \u201cRevoga a lei que especifica e d\u00e1 outras provid\u00eancias.\u201d</span></p>\r\n<p style=\"text-align: justify; \"><span><b>EM DISCUSS\u00c3O \u00daNICA</b></span></p>\r\n<p style=\"text-align: justify; \"><b>Projeto de Lei n\u00ba 018/16</b><span> \u2013 PM \u2013 que \u201cDisp\u00f5e sobre autoriza\u00e7\u00e3o para abertura de cr\u00e9dito suplementar ao or\u00e7amento da Prefeitura do Munic\u00edpio de Adamantina e d\u00e1 outras provid\u00eancias no valor de R$ 231.500,00 (duzentos e trinta e um mil e quinhentos reais).\u201d</span></p>\r\n<p style=\"text-align: justify; \"><span><b>EM PRIMEIRA DISCUSS\u00c3O</b></span></p>\r\n<p style=\"text-align: justify; \"><b>Projeto de Lei n\u00ba 016/16</b><span> \u2013 Vereador H\u00e9lio Jos\u00e9 dos Santos \u2013 que \u201cDisp\u00f5e sobre a denomina\u00e7\u00e3o da quadra coberta da Escola Municipal de Ensino Fundamental Navarro de Andrade de \u2018Prof\u00aa. Clara Luzia Gon\u00e7alves Martins\u2019</span></p>\r\n<p style=\"text-align: justify; \"><b>Projeto de Lei n\u00ba 017/16</b><span> \u2013 Vereador H\u00e9lio Jos\u00e9 dos Santos \u2013 que \u201cDisp\u00f5e sobre a denomina\u00e7\u00e3o do Posto de Sa\u00fade da Vila Jardim de \u2018Dr. C\u00e9lio de Azevedo Figueiredo.\u201d</span></p>\r\n<p style=\"text-align: justify; \"><b><span>Projeto de Lei n\u00ba 019/16</span></b> \u2013 PM \u2013 que \u201cDisp\u00f5e sobre a Campanha \u2018Adote o Verde\u2019 e d\u00e1 outras provid\u00eancias.\u201d</p>\r\n<p style=\"text-align: justify; \"><b><span>Projeto de Lei n\u00ba 020/16</span></b> \u2013 Vereadora Noriko Onishi Saito \u2013 que \u201cDisp\u00f5e sobre a denomina\u00e7\u00e3o das Estradas Municipais ADMs 325, 328, 336, 337, 343 e 355.\u201d</p>\r\n<p><span>A Sess\u00e3o ocorrer\u00e1 no\u00a0<em>Plen\u00e1rio</em></span><em>\u00a0Vereador Jos\u00e9 Ikeda, situado na Rua Osvaldo Cruz, 261 - t\u00e9rreo.</em></p>\r\n<p><em></em><span>Toda a comunidade \u00e9 convidada a acompanhar pessoalmente ou pela Radio J\u00f3ia AM.</span></p>", "author_name": "adt", "version": "1.0", "author_url": "https://www.adamantina.sp.leg.br/author/adt", "provider_name": "C\u00e2mara Municipal de Adamantina", "type": "rich"}