{"provider_url": "https://www.adamantina.sp.leg.br", "title": "6\u00aa Sess\u00e3o Solene", "html": "<p style=\"text-align: justify; \">Amanh\u00e3, 18, esta Casa realizar\u00e1 a <strong>6\u00aa Sess\u00e3o Solene</strong>, no Plen\u00e1rio Vereador Jos\u00e9 Ikeda, \u00e0s 20h, ocasi\u00e3o em que ser\u00e1 entregue ao Ilustr\u00edssimo Senhor Ant\u00f4nio Romanini Primo o t\u00edtulo de <strong>Cidad\u00e3o Adamantinense</strong>.</p>", "author_name": "adt", "version": "1.0", "author_url": "https://www.adamantina.sp.leg.br/author/adt", "provider_name": "C\u00e2mara Municipal de Adamantina", "type": "rich"}