{"provider_url": "https://www.adamantina.sp.leg.br", "title": "69\u00aa Sess\u00e3o Ordin\u00e1ria", "html": "<p align=\"justify\" style=\"text-align: justify; \">A C\u00e2mara Municipal de Adamantina realizar\u00e1 na pr\u00f3xima segunda-feira, (18), a 69\u00aa Sess\u00e3o Ordin\u00e1ria.</p>\r\n<p align=\"justify\" style=\"text-align: justify; \">Consta na Ordem do Dia para serem apreciados\u00a0<b>EM PRIMEIRA DISCUSS\u00c3O</b>:<b>\u00a0</b></p>\r\n<p style=\"text-align: justify; \"><b><span>Projeto de Lei n\u00ba 013/16</span></b> \u2013 PM \u2013 \u00a0\u201cDisp\u00f5e sobre altera\u00e7\u00e3o da Lei 2.289, de 30 de julho de 1993 e revoga as Leis n\u00bas 3.421, de 24 de agosto de 2010 e 3.581, de 20 de novembro de 2013.\u201d (contrata\u00e7\u00e3o tempor\u00e1ria)</p>\r\n<p style=\"text-align: justify; \"><b><span>Projeto de Lei Complementar n\u00ba 348/16</span></b> \u2013 PM \u2013 que \u201cDisp\u00f5e sobre autoriza\u00e7\u00e3o para que o Chefe do Poder Executivo possa efetuar a complementa\u00e7\u00e3o salarial para os Agentes Comunit\u00e1rios de Sa\u00fade e para os Agentes de Controle de Vetores, vinculado ao repasse do Governo Federal.\u201d</p>\r\n<p style=\"text-align: justify; \"><span>A Sess\u00e3o ter\u00e1 in\u00edcio as 20h, no Plen\u00e1rio Vereador Jos\u00e9 Ikeda, situado na Rua Osvaldo Cruz, 261 - t\u00e9rreo. Toda a comunidade \u00e9 convidada a acompanhar pessoalmente a ou pela Radio J\u00f3ia AM.</span></p>", "author_name": "adt", "version": "1.0", "author_url": "https://www.adamantina.sp.leg.br/author/adt", "provider_name": "C\u00e2mara Municipal de Adamantina", "type": "rich"}