{"provider_url": "https://www.adamantina.sp.leg.br", "title": "68\u00aa Sess\u00e3o Ordin\u00e1ria", "html": "<p style=\"text-align: justify; \">A C\u00e2mara Municipal de Adamantina informa que \u00a0a 68\u00aa Sess\u00e3o Ordin\u00e1ria ser\u00e1 realizada no dia 04 de abril, quinta-feira, \u00e0s\u00a020h, constam para serem apreciadas na Ordem do Dia as seguintes proposi\u00e7\u00f5es:\u00a0</p>\r\n<p style=\"text-align: justify; \"><span><b>EM DISCUSS\u00c3O \u00daNICA</b></span></p>\r\n<p style=\"text-align: justify; \"><b>Projeto de Decreto Legislativo n\u00ba 001/16</b><span> \u2013 Vereador Aguinaldo Pires Galv\u00e3o \u2013 \u00a0\u201cConcede ao Ilustr\u00edssimo Senhor Euclides Latini o t\u00edtulo de Cidad\u00e3o Adamantinense.\u201d</span></p>\r\n<p style=\"text-align: justify; \"><b><span>Projeto de Lei n\u00ba 009/16</span></b> \u2013 Vereador H\u00e9lio Jos\u00e9 dos Santos \u2013 que \u201cDisp\u00f5e sobre denomina\u00e7\u00e3o de logradouros p\u00fablicos do Conjunto Habitacional Governador M\u00e1rio Covas J\u00fanior.\u201d</p>\r\n<p style=\"text-align: justify; \"><span><b>EM SEGUNDA DISCUSS\u00c3O E REDA\u00c7\u00c3O FINAL</b></span></p>\r\n<p style=\"text-align: justify; \"><b>Projeto de Lei Complementar n\u00ba 346/16</b><span> \u2013 PM \u2013 \u201cDisp\u00f5e sobre autoriza\u00e7\u00e3o para que o Chefe do Executivo possa determinar a abertura de licita\u00e7\u00e3o objetivando a concess\u00e3o de Direito Real de Uso de Im\u00f3vies \u00e0s Empresas nos ramos da Ind\u00fastria e/ou Com\u00e9rcio.\u201d</span></p>\r\n<p style=\"text-align: justify; \"><span><span>Toda a comunidade \u00e9 convidada a acompanhar pessoalmente ou pela Radio J\u00f3ia AM,\u00a0</span><span>no Plen\u00e1rio Vereador Jos\u00e9 Ikeda\u00a0situado na Rua Osvaldo Cruz, 261 - t\u00e9rreo.</span></span></p>", "author_name": "adt", "version": "1.0", "author_url": "https://www.adamantina.sp.leg.br/author/adt", "provider_name": "C\u00e2mara Municipal de Adamantina", "type": "rich"}