{"provider_url": "https://www.adamantina.sp.leg.br", "title": "67\u00aa Sess\u00e3o Ordin\u00e1ria", "html": "<p style=\"text-align: justify; \"><span>A C\u00e2mara Municipal de Adamantina realizar\u00e1 no pr\u00f3ximo dia 21 de mar\u00e7o,\u00a0</span><span>segunda-feira, \u00e0s\u00a0</span><b>20:00 horas</b><span>\u00a0a 67\u00aa Sess\u00e3o Ordin\u00e1ria.</span><span>\u00a0Constam para serem apreciadas na Ordem do Dia as seguintes proposi\u00e7\u00f5es:</span></p>\r\n<p style=\"text-align: justify; \"><span><b>EM DISCUSS\u00c3O \u00daNICA</b></span></p>\r\n<p style=\"text-align: justify; \"><b><span></span></b><b>Projeto de Lei n\u00ba 008/16</b><span> \u2013 PM \u2013 \u00a0\u201cDisp\u00f5e sobre a desafeta\u00e7\u00e3o da Estrada Municipal, que liga os bairros Jardim Brasil e Parque Residencial Itamaraty.\u201d</span></p>\r\n<p style=\"text-align: justify; \"><span><b>EM PRIMEIRA DISCUSS\u00c3O</b></span></p>\r\n<p style=\"text-align: justify; \"><b>Projeto de Lei Complementar n\u00ba 345/15</b><span> \u2013 Mesa da C\u00e2mara \u2013 \u201cDisp\u00f5e sobre a revis\u00e3o dos vencimentos dos sal\u00e1rios, proventos e pens\u00f5es dos servidores p\u00fablicos ativos, inativos e pensionistas da C\u00e2mara Municipal de Adamantina e d\u00e1 outras provid\u00eancias.\u201d</span></p>\r\n<p style=\"text-align: justify; \"><b><span>Projeto de Lei Complementar n\u00ba 346/15</span></b> \u2013 PM \u2013 \u201cDisp\u00f5e sobre autoriza\u00e7\u00e3o para que o Chefe do Executivo possa determinar a abertura de licita\u00e7\u00e3o objetivando a concess\u00e3o de Direito Real de Uso de Im\u00f3veis \u00e0s Empresas nos ramos da Ind\u00fastria e/ou Com\u00e9rcio.\u201d</p>\r\n<p style=\"text-align: justify; \"><span><b>EM SEGUNDA DISCUSS\u00c3O E REDA\u00c7\u00c3O FINAL</b></span></p>\r\n<p style=\"text-align: justify; \"><b><span>Projeto de Lei n\u00ba 004/16</span></b> \u2013 PM \u2013\u201cDisp\u00f5e sobre a autoriza\u00e7\u00e3o para o Poder Executivo por meio do Departamento de D\u00edvida Ativa, deixar de promover a cobran\u00e7a judicial de d\u00e9bitos tribut\u00e1rios e n\u00e3o tribut\u00e1rios que n\u00e3o atinjam o m\u00ednimo de 200 (duzentas) Unidades Fiscais do Munic\u00edpio \u2013 UFMs.\u201d</p>\r\n<p style=\"text-align: justify; \"><span><span>Toda a comunidade \u00e9 convidada a acompanhar pessoalmente ou pela Radio J\u00f3ia AM,\u00a0</span><span>no Plen\u00e1rio Vereador Jos\u00e9 Ikeda\u00a0situado na Rua Osvaldo Cruz, 261 - t\u00e9rreo.</span><span>\u00a0</span></span></p>", "author_name": "adt", "version": "1.0", "author_url": "https://www.adamantina.sp.leg.br/author/adt", "provider_name": "C\u00e2mara Municipal de Adamantina", "type": "rich"}