{"provider_url": "https://www.adamantina.sp.leg.br", "title": "66\u00aa Sess\u00e3o Ordin\u00e1ria", "html": "<p style=\"text-align: justify; \"><span>A C\u00e2mara Municipal de Adamantina realizar\u00e1 no pr\u00f3ximo dia 07 de mar\u00e7o,\u00a0</span><span>segunda-feira, \u00e0s\u00a0</span><b>20:00 horas</b><span>\u00a0a 66\u00aa Sess\u00e3o Ordin\u00e1ria.</span><span>\u00a0Constam para serem apreciadas na Ordem do Dia as seguintes proposi\u00e7\u00f5es:</span></p>\r\n<p style=\"text-align: justify; \"><span><b>EM DISCUSS\u00c3O \u00daNICA</b></span></p>\r\n<p style=\"text-align: justify; \"><b><span>Projeto de Lei n\u00ba 002/16</span></b> \u2013 Vereador H\u00e9lio Jos\u00e9 dos Santos \u2013 \u00a0\u201cAltera o artigo 2\u00ba da Lei n\u00ba 3627/14, que disp\u00f5e sobre a denomina\u00e7\u00e3o do Conjunto Habitacional Governador M\u00e1rio Covas Junior II.\u201d</p>\r\n<p style=\"text-align: justify; \"><b><span>Projeto de Lei n\u00ba 003/16</span></b> \u2013 PM \u2013 \u201cDisp\u00f5e sobre altera\u00e7\u00f5es na Lei Muncipal n\u00ba 3443/10, que institui o Programa Bolsa Talento Esportivo e d\u00e1 outras provid\u00eancias.\u201d</p>\r\n<p style=\"text-align: justify; \"><b><span>Projeto de Lei n\u00ba 004/16</span></b> \u2013 PM \u2013 \u201cDisp\u00f5e sobre a concess\u00e3o de subven\u00e7\u00f5es e contribui\u00e7\u00f5es \u00e0s entidades de Adamantina.\u201d</p>\r\n<p style=\"text-align: justify; \"><span><b>EM PRIMEIRA DISCUSS\u00c3O</b></span></p>\r\n<p style=\"text-align: justify; \"><b>Projeto de Lei n\u00ba 001/16</b><span> \u2013 PM \u2013\u201cDisp\u00f5e sobre a autoriza\u00e7\u00e3o para o Poder Executivom por meio do Departametno de D\u00edvida Ativa, deixar de promover a cobran\u00e7a judicial de d\u00e9bitos tribut\u00e1rios e n\u00e3o tribut\u00e1rios que n\u00e3o atinjam o m\u00ednimo de 200 (duzentas) Unidades Fiscais do Munic\u00edpio \u2013 UFMs.\u201d</span></p>\r\n<p style=\"text-align: justify; \"><b><span>Projeto de Lei Complementar n\u00ba 339/15</span></b> \u2013 PM \u2013 \u201cCria o Departamento de divis\u00e3o musical (maestro) e altera o Anexo II da Lei Municipal n\u00ba 2.289, de 30 de julho de 1990, que \u2018Disp\u00f5e sobre Regime Jur\u00eddico \u00danico, Plano de Classifica\u00e7\u00e3o de Cargos e Empregos, Quadro de Pessoal e Evolu\u00e7\u00e3o Funcional\u2019 e d\u00e1 outras provid\u00eancias\u2019.\u201d</p>\r\n<p style=\"text-align: justify; \"><b><span>Projeto de Lei Complementar n\u00ba 331/15</span></b> \u2013 PM \u2013 \u201cDisp\u00f5e sobre a altera\u00e7\u00e3o do Art. 1\u00ba da Lei Complementar n\u00ba 223/14, referente aos empregos permanentes e dos empregos em comiss\u00e3o da EMDA \u2013 Empresa Municipal de Desenvolvimento de Adamantina, e d\u00e1 outras provid\u00eancias.\u201d</p>\r\n<p style=\"text-align: justify; \"><span>Toda a comunidade \u00e9 convidada a acompanhar pessoalmente ou pela Radio J\u00f3ia AM,\u00a0</span><span>no Plen\u00e1rio Vereador Jos\u00e9 Ikeda\u00a0situado na Rua Osvaldo Cruz, 261 - t\u00e9rreo.</span><span>\u00a0</span></p>", "author_name": "adt", "version": "1.0", "author_url": "https://www.adamantina.sp.leg.br/author/adt", "provider_name": "C\u00e2mara Municipal de Adamantina", "type": "rich"}