{"provider_url": "https://www.adamantina.sp.leg.br", "title": "65\u00aa Sess\u00e3o Ordin\u00e1ria", "html": "<p style=\"text-align: justify; \">A C\u00e2mara Municipal de Adamantina realizar\u00e1 no pr\u00f3ximo dia 15 de fevereiro,\u00a0<span>segunda-feira, \u00e0s\u00a0</span><b>20:00 horas</b>\u00a0a 65\u00aa Sess\u00e3o Ordin\u00e1ria.<span>\u00a0Constam para serem apreciadas na Ordem do Dia as seguintes proposi\u00e7\u00f5es:</span></p>\r\n<p style=\"text-align: justify; \"><b>EM DISCUSS\u00c3O \u00daNICA</b></p>\r\n<p style=\"text-align: justify; \"><b>Projeto de Lei n\u00ba 066/15</b><span> \u2013 PM \u2013 que \u201cDisp\u00f5e sobre a desafeta\u00e7\u00e3o da Estrada Municipal que liga os bairros Jardim Brasil e Parque Itamarati, visando novo tra\u00e7ado para abertura de rua e d\u00e1 outras provid\u00eancias.\u201d</span></p>\r\n<p style=\"text-align: justify; \"><b>EM PRIMEIRA DISCUSS\u00c3O</b></p>\r\n<p style=\"text-align: justify; \"><b>Projeto de Lei n\u00ba 063/15</b><span> \u2013 PM \u2013 que \u201cDisp\u00f5e sobre o Plano de Mobilidade Urbana no \u00e2mbito do Munic\u00edpio de Adamantina, fundamentada na Constitui\u00e7\u00e3o Federal, na Lei Federal n\u00ba 10.257/15 \u2013 Estatuto da Cidade, na Constitui\u00e7\u00e3o do Estado de S\u00e3o Paulo e na Lei Federal n\u00ba 12.587/12 e NBR n\u00ba 9.050/04 e d\u00e1 outras provid\u00eancias.\u201d</span></p>\r\n<p style=\"text-align: justify; \"><b><span>Projeto de Lei Complementar n\u00ba 339/15</span></b> \u2013 PM \u2013 que \u201cCria o Departamento espec\u00edfico e altera o Anexo II da Lei Municipal n\u00ba 2.289, de 30 de julho de 1990, que \u2018Disp\u00f5e sobre Regime Jur\u00eddico \u00danico, Plano de Classifica\u00e7\u00e3o de Cargos e Empregos, Quadro de Pessoal e Evolu\u00e7\u00e3o Funcional\u2019 e d\u00e1 outras provid\u00eancias.\u201d</p>\r\n<p style=\"text-align: justify; \"><span>Toda a comunidade \u00e9 convidada a acompanhar pessoalmente ou pela Radio J\u00f3ia AM,\u00a0</span><span>no Plen\u00e1rio Vereador Jos\u00e9 Ikeda\u00a0situado na Rua Osvaldo Cruz, 261 - t\u00e9rreo.</span>\u00a0</p>", "author_name": "adt", "version": "1.0", "author_url": "https://www.adamantina.sp.leg.br/author/adt", "provider_name": "C\u00e2mara Municipal de Adamantina", "type": "rich"}