{"provider_url": "https://www.adamantina.sp.leg.br", "title": "63\u00aa Sess\u00e3o Ordin\u00e1ria", "html": "<p style=\"text-align: justify; \">A C\u00e2mara Municipal de Adamantina informa que \u00a0a 63\u00aa Sess\u00e3o Ordin\u00e1ria ser\u00e1 realizada no dia 10 de dezembro, quinta-feira, \u00e0s <b><span>09:00 horas</span></b>, consta para ser apreciada na Ordem do Dia a seguinte proposi\u00e7\u00e3o:<span>\u00a0</span></p>\r\n<p style=\"text-align: justify; \"><b><span>EM DISCUSS\u00c3O \u00daNICA</span></b></p>\r\n<p style=\"text-align: justify; \"><b><span></span></b><b>* Projeto de Lei n\u00ba 061/15</b><span> \u2013 Mesa da C\u00e2mara \u2013 que \u201cDisp\u00f5e sobre a denomina\u00e7\u00e3o de logradouro p\u00fablico do Residencial Alian\u00e7a.\u201d</span></p>\r\n<p style=\"text-align: justify; \">Toda a comunidade \u00e9 convidada a acompanhar pessoalmente ou pela Radio J\u00f3ia AM,\u00a0<span>no Plen\u00e1rio Vereador Jos\u00e9 Ikeda\u00a0situado na Rua Osvaldo Cruz, 261 - t\u00e9rreo.</span></p>\r\n<p style=\"text-align: justify; \">\u00a0</p>\r\n<p style=\"text-align: justify; \"><span><br /></span></p>", "author_name": "adt", "version": "1.0", "author_url": "https://www.adamantina.sp.leg.br/author/adt", "provider_name": "C\u00e2mara Municipal de Adamantina", "type": "rich"}