{"provider_url": "https://www.adamantina.sp.leg.br", "title": "62\u00aa Sess\u00e3o Ordin\u00e1ria", "html": "<p style=\"text-align: justify; \">A pr\u00f3xima Sess\u00e3o Ordin\u00e1ria acontecer\u00e1 dia 23, segunda-feira, \u00e0s 20h no Plen\u00e1rio Vereador Jos\u00e9 Ikeda\u00a0situado na Rua Osvaldo Cruz, 261 - t\u00e9rreo.</p>\r\n<p style=\"text-align: justify; \">Toda a comunidade \u00e9 convidada a acompanhar pessoalmente ou pela Radio J\u00f3ia AM.</p>\r\n<p style=\"text-align: justify; \">\u00a0</p>\r\n<p>\u00a0</p>", "author_name": "adt", "version": "1.0", "author_url": "https://www.adamantina.sp.leg.br/author/adt", "provider_name": "C\u00e2mara Municipal de Adamantina", "type": "rich"}