{"provider_url": "https://www.adamantina.sp.leg.br", "title": "61\u00aa Sess\u00e3o Ordin\u00e1ria", "html": "<p style=\"text-align: justify; \">Dia 09 de novembro, pr\u00f3xima segunda, a C\u00e2mara de Adamantina realizar\u00e1 a 61\u00aa Sess\u00e3o Ordin\u00e1ria,\u00a0<span>constam para serem apreciados na Ordem do Dia os seguintes projetos:</span></p>\r\n<p style=\"text-align: justify; \"><b><span>EM DISCUSS\u00c3O \u00daNICA</span></b><span>\u00a0</span></p>\r\n<p style=\"text-align: justify; \"><span></span><b>* Projeto de Decreto Legislativo n\u00ba 003/15</b><span> \u2013 Vereadores H\u00e9lio Jos\u00e9 dos Santos, F\u00e1bio Roberto Amadio, Aguinaldo Pires Galv\u00e3o e Noriko Onishi Saito \u2013 que \u201cConcede ao Ilustr\u00edssimo Senhor </span><b>Nivaldo Maia</b><span> o t\u00edtulo de Cidad\u00e3o Adamantinense\u201d.</span></p>\r\n<p style=\"text-align: justify; \"><b>EM PRIMEIRA DISCUSS\u00c3O</b></p>\r\n<p style=\"text-align: justify; \"><span>*\u00a0</span><b>Projeto de Lei n\u00ba 059/15</b><span> \u2013 PM \u2013 que \u201cEstima a Receita e Fixa a Despesa do Munic\u00edpio de Adamantina para o exerc\u00edcio de 2016\u201d.</span></p>\r\n<p style=\"text-align: justify; \"><b>EM SEGUNDA DISCUSS\u00c3O E REDA\u00c7\u00c3O FINAL</b></p>\r\n<p style=\"text-align: justify; \"><b>* Projeto de Lei n\u00ba 052/15</b><span> \u2013 PM \u2013 que \u201cDisp\u00f5e sobre altera\u00e7\u00f5es nas Leis n\u00bas 3034, de 30/12/2002, 3071, de 22/12/2003 e 3630, de 03/12/2004, referentes \u00e0 Contribui\u00e7\u00e3o para Custeio do Servi\u00e7o de Ilumina\u00e7\u00e3o P\u00fablica e d\u00e1 outras provid\u00eancias.\u201d</span></p>\r\n<p style=\"text-align: justify; \"><b><span>* Projeto de Lei Complementar n\u00ba 327/15</span></b> \u2013 PM \u2013 que \u201cDisp\u00f5e sobre os valores b\u00e1sicos unit\u00e1rios do metro quadrado (m\u00b2) de terrenos e edifica\u00e7\u00f5es para apura\u00e7\u00e3o do valor venal dos im\u00f3veis e conseq\u00fcente c\u00e1lculo dos impostos sobre a propriedade predial e territorial urbana \u2013 IPTU.\u201d</p>\r\n<p><span>A Sess\u00e3o acontecer\u00e1 as 20h, no\u00a0<em>Plen\u00e1rio</em></span><em>\u00a0Vereador Jos\u00e9 Ikeda, situado na Rua Osvaldo Cruz, 261 - t\u00e9rreo.</em></p>\r\n<p><em></em><span>Toda a comunidade \u00e9 convidada a acompanhar pessoalmente ou pela Radio J\u00f3ia AM.</span></p>", "author_name": "adt", "version": "1.0", "author_url": "https://www.adamantina.sp.leg.br/author/adt", "provider_name": "C\u00e2mara Municipal de Adamantina", "type": "rich"}