{"provider_url": "https://www.adamantina.sp.leg.br", "title": "57\u00aa Sess\u00e3o Ordin\u00e1ria", "html": "<p style=\"text-align: justify; \"><b><span>A C\u00e2mara Municipal de Adamantina realizar\u00e1 no pr\u00f3ximo dia 31, segunda-feira, a 57\u00aa Sess\u00e3o Ordin\u00e1ria. Segue abaixo a pauta da sess\u00e3o.</span></b></p>\r\n<p style=\"text-align: justify; \"><span><b>DISCUSS\u00c3O \u00daNICA</b></span></p>\r\n<p style=\"text-align: justify; \"><b><span>Referendo</span></b> da nova diretoria executiva da <b><span>EMDA</span></b> \u2013 Empresa Municipal de Desenvolvimento de Adamantina, conforme of\u00edcio n\u00ba 391/2015 Gab.<b><span></span></b></p>\r\n<p style=\"text-align: justify; \"><b><span>Projeto de Decreto Legislativo n\u00ba 002/15</span></b> \u2013 Vereador F\u00e1bio Roberto Amadio \u2013 que \u201cConcede ao Ilustr\u00edssimo Senhor Ant\u00f4nio Romanini Primo o t\u00edtulo de Cidad\u00e3o Adamantinense.\u201d</p>\r\n<p style=\"text-align: justify; \"><span><b>EM PRIMEIRA DISCUSS\u00c3O</b></span></p>\r\n<p style=\"text-align: justify; \"><b><span>Projeto de Lei Complementar n\u00ba 323/15</span></b> \u2013 PM -\u00a0 que \u201cAutoriza o Chefe do Poder Executivo Municipal a alienar, por permuta, uma \u00e1rea de terras de propriedade do Munic\u00edpio, na forma e nas condi\u00e7\u00f5es que especxifica e d\u00e1 outras provid\u00eancias.\u201d</p>\r\n<p style=\"text-align: justify; \"><span><b>EM SEGUNDA DISCUSS\u00c3O E REDA\u00c7\u00c3O FINAL</b></span></p>\r\n<p style=\"text-align: justify; \"><b><span>Projeto de Lei n\u00ba 040/15</span></b> \u2013 PM -\u00a0 que \u201cDisp\u00f5e sobre abertura de rua, de \u00e1rea de terras que especifica e d\u00e1 outras provid\u00eancias.\u201d</p>\r\n<p style=\"text-align: justify; \"><b><span>Projeto de Lei Complementar n\u00ba 324/15</span></b> \u2013 PM \u2013 que \u201cAltera a Lei Complementar n\u00ba 155, de\u00a0 30 de dezembro de 2010, que disp\u00f5e sobre o Estatuto, a Estrutura Administrativa e organiza o Quadro de Pessoal das Faculdades Adamantinenses Integradas \u2013 FAI, bem como os Anexos I, II, IV, e V.\u201d</p>\r\n<p style=\"text-align: justify; \"><span>A Sess\u00e3o acontecer\u00e1 as 20h, no <em>Plen\u00e1rio</em></span><em> Vereador Jos\u00e9 Ikeda, situado na Rua Osvaldo Cruz, 261 - t\u00e9rreo.</em></p>\r\n<p style=\"text-align: justify; \"><em></em><span>Toda a comunidade \u00e9 convidada a acompanhar pessoalmente ou pela Radio J\u00f3ia AM.</span></p>", "author_name": "adt", "version": "1.0", "author_url": "https://www.adamantina.sp.leg.br/author/adt", "provider_name": "C\u00e2mara Municipal de Adamantina", "type": "rich"}