{"provider_url": "https://www.adamantina.sp.leg.br", "title": "56\u00aa Sess\u00e3o Extraordin\u00e1ria", "html": "<p style=\"text-align: justify; \">Amanh\u00e3, 25, \u00e0s 16h30, esta Casa realizar\u00e1 a 56\u00aa Sess\u00e3o Extraordin\u00e1ria.</p>\r\n<p>Constam para serem apreciados na Ordem do Dia os seguintes projetos:<span>\u00a0</span></p>\r\n<p><span><b>EM DISCUSS\u00c3O \u00daNICA</b></span></p>\r\n<p><b>Projeto de Lei n\u00ba </b><b>031/16</b><span> \u2013 PM \u2013 que \u201cDisp\u00f5e sobre autoriza\u00e7\u00e3o para abertura de cr\u00e9dito adicional especial ao or\u00e7amento da Prefeitura do Munic\u00edpio de Adamantina e d\u00e1 outras provid\u00eancias no valor de R$ 431.900,00, referente a subven\u00e7\u00f5es sociais \u00e0 Institui\u00e7\u00e3o Solid\u00e1ria Carlos Pegoraro e Lar Crist\u00e3o de Adamantina.\u201d</span></p>\r\n<p><span><b>EM SEGUNDA DISCUSS\u00c3O E REDA\u00c7\u00c3O FINAL</b></span></p>\r\n<p><b>Projeto de Lei</b><b> Complementar n\u00ba </b><b>354/16</b><span> \u2013 PM \u2013 que \u201cAltera dispositivos da Lei n\u00ba 2.449, de 14 de dezembro de 1992, que \u2018Institui o C\u00f3digo de Posturas Municipais\u2019 e d\u00e1 outras provid\u00eancias.\u201d </span><b>(hor\u00e1rio dos supermercados)</b></p>\r\n<p><span>A Sess\u00e3o acontecer\u00e1 no Plen\u00e1rio Vereador Jos\u00e9 Ikeda, situado na Rua Osvaldo Cruz, 261 - t\u00e9rreo. Toda a comunidade \u00e9 convidada a acompanhar.</span></p>", "author_name": "adt", "version": "1.0", "author_url": "https://www.adamantina.sp.leg.br/author/adt", "provider_name": "C\u00e2mara Municipal de Adamantina", "type": "rich"}