{"provider_url": "https://www.adamantina.sp.leg.br", "title": "55\u00aa Sess\u00e3o Extraordin\u00e1ria", "html": "<p>Hoje, 18 de julho, \u00e0s 17:00h, acontecer\u00e1 a 55\u00aa Sess\u00e3o Extraordin\u00e1ria. Constam para serem apreciados na Ordem do Dia os seguintes projetos:<span>\u00a0</span></p>\r\n<p><span><b>EM DISCUSS\u00c3O \u00daNICA</b></span></p>\r\n<p><b>Projeto de Lei n\u00ba 0</b><b>30/16</b><span> \u2013 PM \u2013 que \u201cDisp\u00f5e sobre a altera\u00e7\u00e3o tempor\u00e1ria de trabalho dos servidores p\u00fablicos municipais, estabelecida na Lei Complementar n\u00ba 189/92.\u201d</span></p>\r\n<p><b><span>Projeto de Lei n\u00ba 0</span></b><b><span>32/16</span></b> \u2013 Mesa da C\u00e2mara \u2013 que \u201cDisp\u00f5e sobre a altera\u00e7\u00e3o tempor\u00e1ria de trabalhos dos servidores da C\u00e2mara Municipal de Adamantina, estabelecida na Lei n\u00ba 2292/92.\u201d</p>\r\n<p><span><b>EM SEGUNDA DISCUSS\u00c3O E REDA\u00c7\u00c3O FINAL</b></span></p>\r\n<p><b>Projeto de Lei n\u00ba 023/16</b><span> \u2013 PM \u2013 que \u201cDisp\u00f5e sobre as Diretrizes Or\u00e7ament\u00e1rias para Elabora\u00e7\u00e3o e Execu\u00e7\u00e3o da Lei Or\u00e7ament\u00e1ria para o exerc\u00edcio financeiro de 2017 e d\u00e1 outras provid\u00eancias.\u201d\u00a0</span></p>\r\n<p><span><span><span>A Sess\u00e3o ser\u00e1 realizada no Plen\u00e1rio Vereador Jos\u00e9 Ikeda, situado na Rua Osvaldo Cruz, 261 - t\u00e9rreo.\u00a0</span>Toda a comunidade \u00e9 convidada a acompanhar.</span></span></p>", "author_name": "adt", "version": "1.0", "author_url": "https://www.adamantina.sp.leg.br/author/adt", "provider_name": "C\u00e2mara Municipal de Adamantina", "type": "rich"}