{"provider_url": "https://www.adamantina.sp.leg.br", "title": "54\u00aa Sess\u00e3o Extraordin\u00e1ria", "html": "<p style=\"text-align: justify; \">Dia<b> <span>14 de junho, ter\u00e7a-feira, \u00e0s 09:00h</span></b>, a C\u00e2mara Municipal de Adamantina realizar\u00e1 a 54\u00aa Sess\u00e3o Extraordin\u00e1ria e consta para ser apreciado na Ordem do Dia o seguinte projeto:</p>\r\n<p style=\"text-align: justify; \"><b><span>EM DISCUSS\u00c3O \u00daNICA</span></b></p>\r\n<p style=\"text-align: justify; \"><b>Projeto de Lei n\u00ba 026/16</b><span> \u2013 PM \u2013 que \u201cAutoriza o Poder Executivo Municipal a celebrar conv\u00eanio com o Governo do Estado de S\u00e3o Paulo, por interm\u00e9dio de suas Secretarias.\u201d</span></p>\r\n<p style=\"text-align: justify; \"><span><span>A Sess\u00e3o ser\u00e1 no Plen\u00e1rio Vereador Jos\u00e9 Ikeda, situado na Rua Osvaldo Cruz, 261 - t\u00e9rreo. Toda a comunidade \u00e9 convidada a acompanhar.</span></span></p>\r\n<p><span><br /></span></p>", "author_name": "adt", "version": "1.0", "author_url": "https://www.adamantina.sp.leg.br/author/adt", "provider_name": "C\u00e2mara Municipal de Adamantina", "type": "rich"}