{"provider_url": "https://www.adamantina.sp.leg.br", "title": "52\u00aa Sess\u00e3o Extraordin\u00e1ria", "html": "<p style=\"text-align: justify; \"><span>A C\u00e2mara Municipal de Adamantina realizar\u00e1 amanh\u00e3, (20), a 52\u00aa Sess\u00e3o Extraordin\u00e1ria. </span></p>\r\n<p style=\"text-align: justify; \"><span>Consta na Ordem do Dia para ser apreciado em Segunda Discuss\u00e3o e Reda\u00e7\u00e3o Final:\u00a0</span><b>Projeto de Lei n\u00ba 013/16,</b><span>\u00a0que disp\u00f5e sobre altera\u00e7\u00e3o da Lei 2.289, de 30 de julho de 1993 e revoga as Leis n \u00bas 3.421, de 24 de agosto de 2010 e 3.581, de 20 de novembro de 2013, e\u00a0</span><b>Projeto de Lei Complementar n\u00ba 348/16</b>, que d<span>isp\u00f5e sobre autoriza\u00e7\u00e3o para que o Chefe do Poder Executivo possa efetuar a complementa\u00e7\u00e3o salarial para os Agentes Comunit\u00e1rios de Sa\u00fade e para os Agentes de Controle de Vetores, vinculado ao repasse do Governo Federal. Ambos s\u00e3o de autoria do Executivo.</span></p>\r\n<p style=\"text-align: justify; \"><span>A Sess\u00e3o Extraordin\u00e1ria se faz necess\u00e1ria, tendo em vista a urg\u00eancia do\u00a0<br />Executivo na contrata\u00e7\u00e3o tempor\u00e1ria e no pagamento do piso inicial dos agentes comunit\u00e1rios de sa\u00fade.</span></p>\r\n<p style=\"text-align: justify; \"><span>A Sess\u00e3o ter\u00e1 in\u00edcio as 17h, na C\u00e2mara Municipal de Adamantina, situado na Rua Osvaldo Cruz, 261 - t\u00e9rreo.\u00a0</span></p>", "author_name": "adt", "version": "1.0", "author_url": "https://www.adamantina.sp.leg.br/author/adt", "provider_name": "C\u00e2mara Municipal de Adamantina", "type": "rich"}