{"provider_url": "https://www.adamantina.sp.leg.br", "title": "51\u00aa Sess\u00e3o Extraordin\u00e1ria", "html": "<p style=\"text-align: justify; \">A C\u00e2mara de Adamantina realizar\u00e1 hoje, \u00e0s 16h30, a 51\u00aa Sess\u00e3o Extraordin\u00e1ria. C<span>onstam para serem apreciado na Ordem do Dia os seguintes projetos:</span></p>\r\n<p style=\"text-align: justify; \"><span><b>EM SEGUNDA DISCUSS\u00c3O E REDA\u00c7\u00c3O FINAL</b></span></p>\r\n<p style=\"text-align: justify; \"><b><span>Projeto de Lei Complementar n\u00ba 345/16</span></b> \u2013 Mesa da C\u00e2mara \u2013 \u201cDisp\u00f5e sobre a revis\u00e3o dos vencimentos dos sal\u00e1rios, proventos e pens\u00f5es dos servidores p\u00fablicos ativos, inativos e pensionistas da C\u00e2mara Municipal de Adamantina e d\u00e1 outras provid\u00eancias.\u201d</p>\r\n<p style=\"text-align: justify; \"><span><b>EM DISCUSS\u00c3O \u00daNICA</b></span></p>\r\n<p style=\"text-align: justify; \"><b><span>Projeto de Lei Complementar n\u00ba 347/16</span></b> \u2013 PM \u2013 \u201cDisp\u00f5e sobre a revoga\u00e7\u00e3o da Lei Complementar n\u00ba 251, de 25 de novembro de 2015, e autoriza\u00e7\u00e3o para o Chefe do Poder Executivo alienar, por doa\u00e7\u00e3o, ao CEETEPS - Centro Estadual de Educa\u00e7\u00e3o Tecnol\u00f3gica \u201cPaula Souza\u201d, os im\u00f3veis que especifica, destinados a instala\u00e7\u00e3o de sede pr\u00f3pria da Faculdade de Tecnologia de Adamantina.\u201d</p>\r\n<p style=\"text-align: justify; \"><b><span>Projeto de Lei n\u00ba 010/16</span></b> \u2013 PM \u2013 \u201cDisp\u00f5e sobre autoriza\u00e7\u00e3o para abertura de Cr\u00e9dito Suplementar ao Or\u00e7amento da Prefeitura do Munic\u00edpio de Adamantina e d\u00e1 outras provid\u00eancias.\u201d</p>\r\n<p style=\"text-align: justify; \"><b><span>Projeto de Lei n\u00ba 011/16</span></b> \u2013 PM \u2013 \u201cDisp\u00f5e sobre autoriza\u00e7\u00e3o para Abertura de Cr\u00e9dito Suplementar ao Or\u00e7amento da Prefeitura do Munic\u00edpio de Adamantina e d\u00e1 outras provid\u00eancias.\u201d</p>\r\n<p style=\"text-align: justify; \"><span>A Sess\u00e3o ocorrer\u00e1 no Plen\u00e1rio Vereador Jos\u00e9 Ikeda, situado na Rua Osvaldo Cruz, 261 - t\u00e9rreo. Toda a comunidade \u00e9 convidada a acompanhar.</span></p>", "author_name": "adt", "version": "1.0", "author_url": "https://www.adamantina.sp.leg.br/author/adt", "provider_name": "C\u00e2mara Municipal de Adamantina", "type": "rich"}