{"provider_url": "https://www.adamantina.sp.leg.br", "title": "50\u00aa Sess\u00e3o Extraordin\u00e1ria", "html": "<p style=\"text-align: justify; \">A C\u00e2mara de Adamantina dar\u00e1 hoje, \u00e0s 10h, posse ao Sr. Jo\u00e3o Eduardo Barbosa Pacheco como Prefeito do Munic\u00edpio de Adamantina, em raz\u00e3o do afastamento do Sr. Ivo Francisco dos Santos Junior.</p>\r\n<p style=\"text-align: justify; \"><span>Toda a comunidade \u00e9 convidada a acompanhar pessoalmente\u00a0</span><span>no Plen\u00e1rio Vereador Jos\u00e9 Ikeda\u00a0situado na Rua Osvaldo Cruz, 261 - t\u00e9rreo.</span><span>\u00a0</span></p>", "author_name": "adt", "version": "1.0", "author_url": "https://www.adamantina.sp.leg.br/author/adt", "provider_name": "C\u00e2mara Municipal de Adamantina", "type": "rich"}