{"provider_url": "https://www.adamantina.sp.leg.br", "title": "49\u00aa Sess\u00e3o Extraordin\u00e1ria", "html": "<p style=\"text-align: justify; \">A C\u00e2mara de Adamantina comunica que realizar\u00e1 a 49\u00aa Sess\u00e3o Extraordin\u00e1ria dia 25 de fevereiro, \u00e0s 17h. Ser\u00e3o apreciados os projetos abaixo:</p>\r\n<p style=\"text-align: justify; \"><span><b>EM SEGUNDA DISCUSS\u00c3O E REDA\u00c7\u00c3O FINAL</b></span></p>\r\n<p style=\"text-align: justify; \"><b>* Projeto de Lei n\u00ba 063/15</b><span> \u2013 PM \u2013 que \u201cDisp\u00f5e sobre o Plano de Mobilidade Urbana no \u00e2mbito do Munic\u00edpio de Adamantina, fundamentada na Constitui\u00e7\u00e3o Federal, na Lei Federal n\u00ba 10.257/15 \u2013 Estatuto da Cidade, na Constitui\u00e7\u00e3o do Estado de S\u00e3o Paulo e na Lei Federal n\u00ba 12.587/12 e a NBR n\u00ba 9.050/04 e d\u00e1 outras provid\u00eancias.\u201d</span></p>\r\n<p style=\"text-align: justify; \"><b><span>* Projeto de Emenda \u00e0 LOMA n\u00ba 001/16</span></b> \u2013 PM \u2013 que \u201cAltera a reda\u00e7\u00e3o do inciso XI do artigo 16 da Lei Org\u00e2nica do Munic\u00edpio de Adamantina \u2013 LOMA.\u201d</p>\r\n<p style=\"text-align: justify; \"><span><b>EM DISCUSS\u00c3O \u00daNICA</b></span></p>\r\n<p style=\"text-align: justify; \"><b>* Projeto de Lei n\u00ba 005/16</b><span> \u2013 PM \u2013 que \u201cDisp\u00f5e sobre autoriza\u00e7\u00e3o para abertura de Cr\u00e9dito Adicional Suplementar do Or\u00e7amento da Prefeitura do Munic\u00edpio de Adamantina e d\u00e1 outras provid\u00eancias (R$ 23.000,00 para refor\u00e7ar dota\u00e7\u00f5es or\u00e7ament\u00e1rias).\u201d</span></p>\r\n<p style=\"text-align: justify; \"><b><span>* Projeto de Lei n\u00ba 006/16</span></b> \u2013 PM \u2013 que \u201cDisp\u00f5e sobre autoriza\u00e7\u00e3o para abertura de Cr\u00e9dito Adicional Especial ao Or\u00e7amento da Prefeitura do Munic\u00edpio de Adamantina e d\u00e1 outras provid\u00eancias (no valor de R$ 150.000,00 referente ao aumento do repasse para o programa Estrat\u00e9gia da Sa\u00fade da Fam\u00edlia.\u201d</p>\r\n<p style=\"text-align: justify; \"><span>Toda a comunidade \u00e9 convidada a acompanhar <span>pela Radio J\u00f3ia AM, ou</span>\u00a0pessoalmente,\u00a0</span><span>no Plen\u00e1rio Vereador Jos\u00e9 Ikeda\u00a0situado na Rua Osvaldo Cruz, 261 - t\u00e9rreo.</span><span>\u00a0</span></p>", "author_name": "adt", "version": "1.0", "author_url": "https://www.adamantina.sp.leg.br/author/adt", "provider_name": "C\u00e2mara Municipal de Adamantina", "type": "rich"}