{"provider_url": "https://www.adamantina.sp.leg.br", "title": "47\u00aa Sess\u00e3o Extraordin\u00e1ria", "html": "<p style=\"text-align: justify; \">No dia\u00a0 25 de agosto, \u00e0s 16h30, a C\u00e2mara Municipal de Adamantina realizou a 47\u00aa Sess\u00e3o Extraordin\u00e1ria.</p>\r\n<p style=\"text-align: justify; \">Conforme <a class=\"external-link\" href=\"https://sapl.adamantina.sp.leg.br/media/sapl/public/materialegislativa/2020/11643/circular_036_47a_extra.pdf\" target=\"_self\" title=\"\">Circular 036/2020</a>, foi apreciado e votado,<b>EM DISCUSS\u00c3O \u00daNICA</b> o projeto abaixo:</p>\r\n<p style=\"text-align: justify; \"><b><a class=\"external-link\" href=\"https://sapl.adamantina.sp.leg.br/media/sapl/public/materialegislativa/2020/11593/projeto_de_lei_043_-_m_043_leitura_79a_ordinaria.pdf\" target=\"_self\" title=\"\">Projeto de Lei n\u00ba 043/2020</a></b><span> \u2013 PM \u2013 que \u201cDisp\u00f5e sobre autoriza\u00e7\u00e3o para a Prefeitura do Munic\u00edpio de Adamantina repassar ao Lar dos Velhos de Adamantina, Obra Unida \u00e0 Sociedade S\u00e3o Vicente de Paulo, recursos provenientes de emenda parlamentar, no valor de R$ 50.000,00 (cinquenta mil reais), e d\u00e1 outras provid\u00eancias\u201d.</span></p>\r\n<p style=\"text-align: justify; \">O REFERIDO PROJETO FOI APROVADO POR UNANIMIDADE EM DISCUSS\u00c3O \u00daNICA.</p>\r\n<p style=\"text-align: justify; \">A reuni\u00e3o contou com a presen\u00e7a de todos os vereadores.</p>\r\n<p style=\"text-align: justify; \">\u00a0</p>\r\n<p>A reuni\u00e3o contou com a presen\u00e7a de todos dos vereadores.</p>\r\n<p>Assista na \u00edntegra a sess\u00e3o que foi transmitida pela nossa\u00a0<a class=\"external-link\" href=\"https://www.facebook.com/CamaraAdamantina/videos/2731813730474664\" target=\"_blank\" title=\"\">fanpage</a>.</p>\r\n<p><span>Toda comunidade \u00e9 convidada a acompanhar ao vivo pelo\u00a0</span><a class=\"external-link\" href=\"https://www.facebook.com/CamaraAdamantina\" target=\"_blank\" title=\"\">facebook</a><span>.</span></p>", "author_name": "", "version": "1.0", "author_url": "https://www.adamantina.sp.leg.br/author/adm", "provider_name": "C\u00e2mara Municipal de Adamantina", "type": "rich"}