{"provider_url": "https://www.adamantina.sp.leg.br", "title": "Resumo 46\u00aa Sess\u00e3o Extraordin\u00e1ria", "html": "<p style=\"text-align: justify; \">No dia 20 de mar\u00e7o a C\u00e2mara Municipal de Adamantina realizou a 46\u00aa Sess\u00e3o Extraordin\u00e1ria desta Legislatura.</p>\r\n<p style=\"text-align: justify; \">Conforme <a class=\"external-link\" href=\"https://sapl.adamantina.sp.leg.br/media/sapl/public/materialegislativa/2024/15574/circular_12_-_46a_extra.pdf\" target=\"_blank\" title=\"\">Circular n\u00ba 012/2024</a> foram apreciados e votados\u00a0<span>seguintes projetos:</span></p>\r\n<p style=\"text-align: center; \"><b>EM DISCUSS\u00c3O \u00daNICA</b></p>\r\n<p style=\"text-align: justify; \"><b><a class=\"external-link\" href=\"https://sapl.adamantina.sp.leg.br/media/sapl/public/materialegislativa/2024/15561/projeto_de_lei_016_m_015_-_abertura_de_credito_r_156.00000_-_assistencia_social_-_acolhimento_mulher.pdf\" target=\"_blank\" title=\"\">Projeto de Lei n\u00ba 016/2024</a></b><span> \u2013 PM \u2013 que \u201cDisp\u00f5e sobre autoriza\u00e7\u00e3o para </span><i>abertura de cr\u00e9dito especial </i><span>ao Or\u00e7amento da Prefeitura do Munic\u00edpio de Adamantina no valor total de R$ 156.000,00 e d\u00e1 outras provid\u00eancias, para a\u00e7\u00f5es do servi\u00e7o de acolhimento \u00e0s mulheres v\u00edtimas de viol\u00eancia.\u201d\u00a0<strong>(APROVADO)</strong></span></p>\r\n<p style=\"text-align: justify; \"><b><span><a class=\"external-link\" href=\"https://sapl.adamantina.sp.leg.br/media/sapl/public/materialegislativa/2024/15562/68a_projeto_de_lei_017_m_017_-_abertura_de_credito_r_275.00000_-_educacao.pdf\" target=\"_blank\" title=\"\">Projeto de Lei n\u00ba 017/2024</a></span></b> \u2013 PM \u2013 que \u201cDisp\u00f5e sobre autoriza\u00e7\u00e3o para <i>abertura de cr\u00e9dito adicional suplementar </i>ao Or\u00e7amento da Prefeitura do Munic\u00edpio de Adamantina no valor total de R$ 275.000,00 e d\u00e1 outras provid\u00eancias, para gest\u00e3o do Ensino Fundamental sobre a organiza\u00e7\u00e3o da seguridade social, visando melhor atender os alunos do Munic\u00edpio.\u201d\u00a0<strong>(APROVADO)</strong></p>\r\n<p style=\"text-align: justify; \"><a class=\"external-link\" href=\"https://sapl.adamantina.sp.leg.br/media/sapl/public/materialegislativa/2024/15564/68a_projeto_de_lei_019_m_020-_autoriza_repasse_para_sta_casa_r_250.00000.pdf\" target=\"_blank\" title=\"\"><b><span>Projeto de Lei n\u00ba </span></b><b><span>019/202</span></b><b><span>4</span></b></a> \u2013 PM \u2013 que \u201c Disp\u00f5e sobre autoriza\u00e7\u00e3o para a Prefeitura do Munic\u00edpio de Adamantina abrir cr\u00e9dito adicional suplementar no valor de R$ 250.000,00 (recursos pr\u00f3prios) e repassar \u00e0 Associa\u00e7\u00e3o Lar S\u00e3o Francisco de Assis na Provid\u00eancia de Deus \u2013 Santa Casa de Adamantina e d\u00e1 outras provid\u00eancias\u201d.\u00a0<strong>(APROVADO)</strong></p>\r\n<p style=\"text-align: justify; \">\u00a0</p>\r\n<p style=\"text-align: center; \"><b><span>EM PRIMEIRA DISCUSS\u00c3O</span></b></p>\r\n<p style=\"text-align: justify; \"><b><a class=\"external-link\" href=\"https://sapl.adamantina.sp.leg.br/media/sapl/public/materialegislativa/2024/15563/68a_projeto_de_lei_018_m_018_-_cria_funcoes_gratificadas_-_encarregado_rcc_coleta_de_lixo_pavimentacao_e_supervisor_rh.pdf\" target=\"_blank\" title=\"\">Projeto de Lei n\u00ba 018/2024</a></b><span> \u2013 PM \u2013 que \u201cDisp\u00f5e sobre a cria\u00e7\u00e3o de</span><b> </b><span>fun\u00e7\u00e3o gratificada de Supervisor da Divis\u00e3o de Servi\u00e7os Administrativos, de Encarregado da Usina de Res\u00edduos da Constru\u00e7\u00e3o Civil, Encarregado da Coleta de Lixo e Varri\u00e7\u00e3o e Encarregado da Equipe de Pavimenta\u00e7\u00e3o Asf\u00e1ltica, bem como sobre seu exerc\u00edcio, no \u00e2mbito da Administra\u00e7\u00e3o Direta do Poder Executivo Municipal e d\u00e1 outras provid\u00eancias.\u201d\u00a0<strong>(RETIRADO PARA MELHORES ESTUDOS)</strong></span></p>\r\n<p style=\"text-align: justify; \"><b><span><a class=\"external-link\" href=\"https://sapl.adamantina.sp.leg.br/media/sapl/public/materialegislativa/2024/15565/68a_projeto_de_lei_complementar_003_-_revisao_camara.pdf\" target=\"_blank\" title=\"\">Projeto de Lei Complementar n\u00ba 003/2024</a>\u00a0</span></b>\u2013 Mesa da C\u00e2mara \u2013 que \u201cDisp\u00f5e sobre a revis\u00e3o e aumento real sobre os vencimentos, sal\u00e1rios, proventos e pens\u00f5es dos servidores p\u00fablicos ativos, inativos e pensionistas da C\u00e2mara Municipal de Adamantina e d\u00e1 outras provid\u00eancias.\u201d\u00a0<strong>(APROVADO)</strong></p>\r\n<p style=\"text-align: justify; \"><b><span><a class=\"external-link\" href=\"https://sapl.adamantina.sp.leg.br/media/sapl/public/materialegislativa/2024/15568/68a_projeto_de_lei_complementar_004_m_016_-_cria_a_coordenadoria_municipal_de_protecao_e_defesa_civil_-_compdec.pdf\" target=\"_blank\" title=\"\">Projeto de Lei Complementar n\u00ba 004/2024</a></span></b> \u2013 PM \u2013 que \u201cDisp\u00f5e sobre a cria\u00e7\u00e3o da Coordenadoria Municipal de Prote\u00e7\u00e3o e Defesa Civil - COMPDEC do Munic\u00edpio de Adamantina e d\u00e1 outras provid\u00eancias.\u201d\u00a0<strong>(APROVADO)</strong></p>\r\n<p style=\"text-align: justify; \"><span>A reuni\u00e3o contou com a presen\u00e7a de todos os vereadores.</span></p>\r\n<p style=\"text-align: justify; \">Assista na \u00edntegra a Sess\u00e3o em nossa p\u00e1gina no <a class=\"external-link\" href=\"https://www.facebook.com/CamaraAdamantina/videos/289461504047693/\" target=\"_blank\" title=\"\">Facebook</a>.\u00a0</p>\r\n<p>Toda comunidade \u00e9 convidada a acompanhar as sess\u00f5es ao vivo pelo\u00a0<a class=\"external-link\" href=\"https://www.facebook.com/CamaraAdamantina\" target=\"_blank\" title=\"\">facebook</a>,\u00a0bem como pela\u00a0R\u00e1dio Cultura, 99,3 FM, TV Cidade e nosso canal no\u00a0<a class=\"external-link\" href=\"https://www.youtube.com/@cmatransmissao\" target=\"_blank\" title=\"\">Youtube</a>.</p>", "author_name": "", "version": "1.0", "author_url": "https://www.adamantina.sp.leg.br/author/adm", "provider_name": "C\u00e2mara Municipal de Adamantina", "type": "rich"}